{"id":6037,"date":"2023-10-06T14:21:43","date_gmt":"2023-10-06T14:21:43","guid":{"rendered":"https:\/\/domvicoso.mg.gov.br\/v1\/?p=6037"},"modified":"2023-10-11T14:23:14","modified_gmt":"2023-10-11T14:23:14","slug":"%e2%9a%a0%ef%b8%8f-atencao-%e2%9a%a0%ef%b8%8f-ultimos-dias-para-inscricao","status":"publish","type":"post","link":"https:\/\/domvicoso.mg.gov.br\/v1\/%e2%9a%a0%ef%b8%8f-atencao-%e2%9a%a0%ef%b8%8f-ultimos-dias-para-inscricao\/","title":{"rendered":"&#x26a0;&#xfe0f; ATEN\u00c7\u00c3O &#x26a0;&#xfe0f; &#8211; \u00daltimos dias para inscri\u00e7\u00e3o!"},"content":{"rendered":"<div class=\"xdj266r x11i5rnm xat24cr x1mh8g0r x1vvkbs x126k92a\">\n<div dir=\"auto\">A Prefeitura Municipal de Dom Vi\u00e7oso em parceria com o IFSULDEMINAS oferece dois cursos gratuitos com certifica\u00e7\u00e3o:<\/div>\n<\/div>\n<div class=\"x11i5rnm xat24cr x1mh8g0r x1vvkbs xtlvy1s x126k92a\">\n<div dir=\"auto\">*Ingl\u00eas B\u00e1sico*<\/div>\n<div dir=\"auto\">inscri\u00e7\u00e3o no link: <a class=\"x1i10hfl xjbqb8w x6umtig x1b1mbwd xaqea5y xav7gou x9f619 x1ypdohk xt0psk2 xe8uvvx xdj266r x11i5rnm xat24cr x1mh8g0r xexx8yu x4uap5 x18d9i69 xkhd6sd x16tdsg8 x1hl2dhg xggy1nq x1a2a7pz xt0b8zv x1fey0fg\" tabindex=\"0\" role=\"link\" href=\"https:\/\/suap.ifsuldeminas.edu.br\/inscricoesfic\/efetuar_inscricao\/836\/?fbclid=IwAR3koxfKvmJmxXWMOuQzdoPT_ZkLZ9zcAPf2SZhjpFfJz7fiuutfZ4FbSdg\" target=\"_blank\" rel=\"nofollow noopener noreferrer\">https:\/\/suap.ifsuldeminas.edu.br\/&#8230;\/efetuar_inscricao\/836\/<\/a><\/div>\n<\/div>\n<div class=\"x11i5rnm xat24cr x1mh8g0r x1vvkbs xtlvy1s x126k92a\">\n<div dir=\"auto\">*Agricultor Org\u00e2nico*<\/div>\n<div dir=\"auto\">inscri\u00e7\u00e3o no link: <a class=\"x1i10hfl xjbqb8w x6umtig x1b1mbwd xaqea5y xav7gou x9f619 x1ypdohk xt0psk2 xe8uvvx xdj266r x11i5rnm xat24cr x1mh8g0r xexx8yu x4uap5 x18d9i69 xkhd6sd x16tdsg8 x1hl2dhg xggy1nq x1a2a7pz xt0b8zv x1fey0fg\" tabindex=\"0\" role=\"link\" href=\"https:\/\/l.facebook.com\/l.php?u=https%3A%2F%2Fsuap.ifsuldeminas.edu.br%2Finscricoesfic%2Fefetuar_inscricao%2F837%2F%3Ffbclid%3DIwAR0CQ0N2vJZSy-TThpEnIoJiyJv23xJR9mQ-f86ArCjGRhr0ITHrzGnLqQ0&amp;h=AT3ZzogkTjrwcUwMPnQFNkpCbDjax-ZIP-s785N523hCByKiSZt0KudOgqWn7bvSIQxCyqK6fu_oKc7J5J2OdtbXbLwUbdF9qgYsBu26gm_ZXftE58Bn2voGwyKFjP8oKKm9&amp;__tn__=-UK-y-R&amp;c[0]=AT0f1em8MAKyDMPFIk5BqHGDlXU7EX6lu86dzIKNm8usplxqNN0862EUgdiB7RiowMhmJnyYo0Q9aqScLh9LMjyuHG3zxrUKso_INFymOBhvyL8_v3oloh1wq8n8BRQBTQ6zWvYRXK1DqY6zqkGzeP-0FomJEPDu1yqTQUF5YpBAJAoOfM0Vw4t2Wetc2Ft8FRNaH5uT_CloPG2mV8QFLpueWUk9a20Z6IyD\" target=\"_blank\" rel=\"nofollow noopener noreferrer\">https:\/\/suap.ifsuldeminas.edu.br\/&#8230;\/efetuar_inscricao\/837\/<\/a><\/div>\n<\/div>\n<div class=\"x11i5rnm xat24cr x1mh8g0r x1vvkbs xtlvy1s x126k92a\">\n<div dir=\"auto\">Requer Ensino Fundamental I incompleto<\/div>\n<div dir=\"auto\">A partir dos 16 anos<\/div>\n<div dir=\"auto\">*Modalidade:* Presencial <span class=\"x3nfvp2 x1j61x8r x1fcty0u xdj266r xhhsvwb xat24cr xgzva0m xxymvpz xlup9mm x1kky2od\"><img class=\"lazyload\" decoding=\"async\" src=\"data:image\/svg+xml,%3Csvg%20xmlns%3D%27http%3A%2F%2Fwww.w3.org%2F2000%2Fsvg%27%20width%3D%2716%27%20height%3D%2716%27%20viewBox%3D%270%200%2016%2016%27%3E%3Crect%20width%3D%2716%27%20height%3D%2716%27%20fill-opacity%3D%220%22%2F%3E%3C%2Fsvg%3E\" data-orig-src=\"https:\/\/static.xx.fbcdn.net\/images\/emoji.php\/v9\/tcc\/1\/16\/1f4dd.png\" alt=\"&#x1f4dd;\" width=\"16\" height=\"16\" \/><\/span><\/div>\n<div dir=\"auto\">*Per\u00edodo de inscri\u00e7\u00e3o:* 25\/09 a 08\/10\/2023<\/div>\n<div dir=\"auto\">*Processo de sele\u00e7\u00e3o:* Ordem de Inscri\u00e7\u00e3o<\/div>\n<div dir=\"auto\">*Haver\u00e1 certifica\u00e7\u00e3o!*<\/div>\n<\/div>\n<div class=\"x11i5rnm xat24cr x1mh8g0r x1vvkbs xtlvy1s x126k92a\">\n<div dir=\"auto\">*Local dos cursos:*<\/div>\n<div dir=\"auto\">&#8211; Agricultor Org\u00e2nico ser\u00e1 na C\u00e2mara Municipal<\/div>\n<div dir=\"auto\">&#8211; Ingl\u00eas B\u00e1sico ser\u00e1 no Clube Recreativo Dr. Ivo de Lima<\/div>\n<div dir=\"auto\">*Aulas:* segunda a sexta-feira, das 18h30 \u00e0s 21h30.<\/div>\n<div dir=\"auto\">*In\u00edcio das aulas*: 16\/10\/2023.<\/div>\n<div dir=\"auto\">*Final das aulas*: 27\/10\/2023.<\/div>\n<\/div>\n<div class=\"x11i5rnm xat24cr x1mh8g0r x1vvkbs xtlvy1s x126k92a\">\n<div dir=\"auto\">O IFSULDEMINAS divulgar\u00e1 a lista dos candidatos contemplados no endere\u00e7o eletr\u00f4nico: portal.ifsuldeminas.edu.br no dia *09\/10\/2023*, bem como a lista de candidatos em lista de espera.<\/div>\n<div dir=\"auto\"><\/div>\n<\/div>\n<div dir=\"auto\">Fonte: <a href=\"https:\/\/www.facebook.com\/setormunicipalculturadomvicoso\">Facebook Setor Municipal de Cultura, Turismo e Meio Ambiente de Dom Vi\u00e7oso-MG.<\/a><\/div>\n","protected":false},"excerpt":{"rendered":"<p>A Prefeitura Municipal de Dom Vi\u00e7oso em parceria com o [&hellip;]<\/p>\n","protected":false},"author":1,"featured_media":6038,"comment_status":"open","ping_status":"open","sticky":false,"template":"","format":"standard","meta":{"footnotes":""},"categories":[29],"tags":[],"class_list":["post-6037","post","type-post","status-publish","format-standard","has-post-thumbnail","hentry","category-noticias"],"_links":{"self":[{"href":"https:\/\/domvicoso.mg.gov.br\/v1\/wp-json\/wp\/v2\/posts\/6037","targetHints":{"allow":["GET"]}}],"collection":[{"href":"https:\/\/domvicoso.mg.gov.br\/v1\/wp-json\/wp\/v2\/posts"}],"about":[{"href":"https:\/\/domvicoso.mg.gov.br\/v1\/wp-json\/wp\/v2\/types\/post"}],"author":[{"embeddable":true,"href":"https:\/\/domvicoso.mg.gov.br\/v1\/wp-json\/wp\/v2\/users\/1"}],"replies":[{"embeddable":true,"href":"https:\/\/domvicoso.mg.gov.br\/v1\/wp-json\/wp\/v2\/comments?post=6037"}],"version-history":[{"count":1,"href":"https:\/\/domvicoso.mg.gov.br\/v1\/wp-json\/wp\/v2\/posts\/6037\/revisions"}],"predecessor-version":[{"id":6039,"href":"https:\/\/domvicoso.mg.gov.br\/v1\/wp-json\/wp\/v2\/posts\/6037\/revisions\/6039"}],"wp:featuredmedia":[{"embeddable":true,"href":"https:\/\/domvicoso.mg.gov.br\/v1\/wp-json\/wp\/v2\/media\/6038"}],"wp:attachment":[{"href":"https:\/\/domvicoso.mg.gov.br\/v1\/wp-json\/wp\/v2\/media?parent=6037"}],"wp:term":[{"taxonomy":"category","embeddable":true,"href":"https:\/\/domvicoso.mg.gov.br\/v1\/wp-json\/wp\/v2\/categories?post=6037"},{"taxonomy":"post_tag","embeddable":true,"href":"https:\/\/domvicoso.mg.gov.br\/v1\/wp-json\/wp\/v2\/tags?post=6037"}],"curies":[{"name":"wp","href":"https:\/\/api.w.org\/{rel}","templated":true}]}}