{"id":6155,"date":"2023-10-24T14:03:10","date_gmt":"2023-10-24T14:03:10","guid":{"rendered":"https:\/\/domvicoso.mg.gov.br\/v1\/?p=6155"},"modified":"2023-10-25T14:04:23","modified_gmt":"2023-10-25T14:04:23","slug":"2o-festival-do-cafe-especial-de-dom-vicoso-e-regiao-2","status":"publish","type":"post","link":"https:\/\/domvicoso.mg.gov.br\/v1\/2o-festival-do-cafe-especial-de-dom-vicoso-e-regiao-2\/","title":{"rendered":"2\u00ba Festival do Caf\u00e9 Especial de Dom Vi\u00e7oso e Regi\u00e3o"},"content":{"rendered":"<div class=\"xdj266r x11i5rnm xat24cr x1mh8g0r x1vvkbs x126k92a\">\n<div dir=\"auto\">*Quinta-feira (26\/10):*<\/div>\n<div dir=\"auto\">Das 9h \u00e0s 16h &#8211; Frente da Gastronomia Mineira;<\/div>\n<div dir=\"auto\">A partir das 18h inicio das exposi\u00e7\u00f5es e acesso \u00e0 \u00e1rea gastron\u00f4mica do evento;<\/div>\n<div dir=\"auto\">Atra\u00e7\u00f5es art\u00edsticas locais.<\/div>\n<div dir=\"auto\">18h expositores sebrae<\/div>\n<div dir=\"auto\">20h dj mateus<\/div>\n<div dir=\"auto\">23h encerramento<\/div>\n<\/div>\n<div class=\"x11i5rnm xat24cr x1mh8g0r x1vvkbs xtlvy1s x126k92a\">\n<div dir=\"auto\">*Sexta-feira (27\/10)*:<\/div>\n<div dir=\"auto\">9h &#8211; Reuni\u00e3o dos prefeitos AMAG e Convidados;<\/div>\n<div dir=\"auto\">10h &#8211; Painel SEBRAE + EMATER: Turismo, introdu\u00e7\u00e3o da agricultura familiar na cadeia produtiva e PNAE;<\/div>\n<div dir=\"auto\">12h &#8211; Almo\u00e7o com os prefeitos;<\/div>\n<div dir=\"auto\">14h &#8211; Palestra EMATER: A import\u00e2ncia das variedades de caf\u00e9s para uma maior produtividade;<\/div>\n<div dir=\"auto\">15h &#8211; Conte\u00fado SEBRAE (\u00e9 poss\u00edvel?);<\/div>\n<div dir=\"auto\">16h \u00e0s 17h &#8211; Conte\u00fado SENAR (barismo);<\/div>\n<div dir=\"auto\">19h &#8211; inicio das exposi\u00e7\u00f5es e acesso \u00e0 pra\u00e7a de alimenta\u00e7\u00e3o do evento;<\/div>\n<div dir=\"auto\">22h &#8211; show com<\/div>\n<div dir=\"auto\">Atra\u00e7\u00f5es art\u00edsticas locais. CHRYSTIAN E KAREN<\/div>\n<div dir=\"auto\">01h30 enceramento<\/div>\n<\/div>\n<div class=\"x11i5rnm xat24cr x1mh8g0r x1vvkbs xtlvy1s x126k92a\">\n<div dir=\"auto\">*S\u00e1bado (28\/10)*:<\/div>\n<div dir=\"auto\">10h &#8211; Acesso ao expositores e pra\u00e7a de alimenta\u00e7\u00e3o, in\u00edcio de atividades infantis;<\/div>\n<div dir=\"auto\">14h &#8211; Palestra Jasciara Mendon\u00e7a: A import\u00e2ncia da origem dos caf\u00e9s especiais para o mercado;<\/div>\n<div dir=\"auto\">16h &#8211; Palestras sobre fermenta\u00e7\u00e3o;<\/div>\n<div dir=\"auto\">18h &#8211; In\u00edcio do Cerimonial do Concurso;<\/div>\n<div dir=\"auto\">19h &#8211; Entrega da premia\u00e7\u00e3o do concurso;<\/div>\n<div dir=\"auto\">22h &#8211; Show com artistas locais. PAMELA E PAULA<\/div>\n<div dir=\"auto\">01:30h &#8211; Encerramento.<\/div>\n<\/div>\n<div class=\"x11i5rnm xat24cr x1mh8g0r x1vvkbs xtlvy1s x126k92a\">\n<div dir=\"auto\">Domingo data extra: expositores sebrae e encerramento da festa com show com GUSTAVO CORREA as 15hs<\/div>\n<div dir=\"auto\">Encerramento 19hs<\/div>\n<\/div>\n","protected":false},"excerpt":{"rendered":"<p>*Quinta-feira (26\/10):* Das 9h \u00e0s 16h &#8211; Frente da Gastronomia [&hellip;]<\/p>\n","protected":false},"author":1,"featured_media":6156,"comment_status":"open","ping_status":"open","sticky":false,"template":"","format":"standard","meta":{"footnotes":""},"categories":[29],"tags":[],"class_list":["post-6155","post","type-post","status-publish","format-standard","has-post-thumbnail","hentry","category-noticias"],"_links":{"self":[{"href":"https:\/\/domvicoso.mg.gov.br\/v1\/wp-json\/wp\/v2\/posts\/6155","targetHints":{"allow":["GET"]}}],"collection":[{"href":"https:\/\/domvicoso.mg.gov.br\/v1\/wp-json\/wp\/v2\/posts"}],"about":[{"href":"https:\/\/domvicoso.mg.gov.br\/v1\/wp-json\/wp\/v2\/types\/post"}],"author":[{"embeddable":true,"href":"https:\/\/domvicoso.mg.gov.br\/v1\/wp-json\/wp\/v2\/users\/1"}],"replies":[{"embeddable":true,"href":"https:\/\/domvicoso.mg.gov.br\/v1\/wp-json\/wp\/v2\/comments?post=6155"}],"version-history":[{"count":1,"href":"https:\/\/domvicoso.mg.gov.br\/v1\/wp-json\/wp\/v2\/posts\/6155\/revisions"}],"predecessor-version":[{"id":6157,"href":"https:\/\/domvicoso.mg.gov.br\/v1\/wp-json\/wp\/v2\/posts\/6155\/revisions\/6157"}],"wp:featuredmedia":[{"embeddable":true,"href":"https:\/\/domvicoso.mg.gov.br\/v1\/wp-json\/wp\/v2\/media\/6156"}],"wp:attachment":[{"href":"https:\/\/domvicoso.mg.gov.br\/v1\/wp-json\/wp\/v2\/media?parent=6155"}],"wp:term":[{"taxonomy":"category","embeddable":true,"href":"https:\/\/domvicoso.mg.gov.br\/v1\/wp-json\/wp\/v2\/categories?post=6155"},{"taxonomy":"post_tag","embeddable":true,"href":"https:\/\/domvicoso.mg.gov.br\/v1\/wp-json\/wp\/v2\/tags?post=6155"}],"curies":[{"name":"wp","href":"https:\/\/api.w.org\/{rel}","templated":true}]}}