{"id":6188,"date":"2023-10-27T21:01:53","date_gmt":"2023-10-27T21:01:53","guid":{"rendered":"https:\/\/domvicoso.mg.gov.br\/v1\/?p=6188"},"modified":"2023-10-30T21:06:37","modified_gmt":"2023-10-30T21:06:37","slug":"2o-festival-do-cafe-especial-de-dom-vicoso-e-regiao-3","status":"publish","type":"post","link":"https:\/\/domvicoso.mg.gov.br\/v1\/2o-festival-do-cafe-especial-de-dom-vicoso-e-regiao-3\/","title":{"rendered":"2\u00ba Festival do Caf\u00e9 Especial de Dom Vi\u00e7oso e Regi\u00e3o"},"content":{"rendered":"<div dir=\"auto\" style=\"text-align: justify;\">Iniciou ontem 26 de outubro, o 2\u00b0 Festival do Caf\u00e9 Especial de Dom Vi\u00e7oso e Regi\u00e3o. O evento que ir\u00e1 acontecer at\u00e9 domingo dia 29, teve sua abertura marcada pela Frente da Gastronomia Mineira, promovido pela IGR \u00c1guas, contando com a presen\u00e7a dos Secret\u00e1rios de Cultura da Regi\u00e3o.<\/div>\n<div dir=\"auto\" style=\"text-align: justify;\">Contamos com uma feira de expositores com artesoes e culin\u00e1ria t\u00edpica de Dom Vi\u00e7oso e cidades vizinhas. E finalizamos o dia com o Cozinha Show com a Chefe Mariana Gontijo e nossa Chefe Maria Aparecida da Rosa, reproduzindo o prato t\u00edpico do munic\u00edpio Costelinha de porco ao molho de caf\u00e9.<\/div>\n<div dir=\"auto\" style=\"text-align: justify;\">O evento foi um sucesso!<\/div>\n<div dir=\"auto\" style=\"text-align: justify;\">E hoje teremos mais programa\u00e7\u00e3o! <span class=\"x3nfvp2 x1j61x8r x1fcty0u xdj266r xhhsvwb xat24cr xgzva0m xxymvpz xlup9mm x1kky2od\"><img decoding=\"async\" class=\"lazyload xz74otr\" src=\"data:image\/svg+xml,%3Csvg%20xmlns%3D%27http%3A%2F%2Fwww.w3.org%2F2000%2Fsvg%27%20width%3D%2716%27%20height%3D%2716%27%20viewBox%3D%270%200%2016%2016%27%3E%3Crect%20width%3D%2716%27%20height%3D%2716%27%20fill-opacity%3D%220%22%2F%3E%3C%2Fsvg%3E\" data-orig-src=\"https:\/\/static.xx.fbcdn.net\/images\/emoji.php\/v9\/t91\/1\/16\/2615.png\" alt=\"&#x2615;&#xfe0f;\" width=\"16\" height=\"16\" \/><\/span><\/div>\n<div dir=\"auto\"><\/div>\n<div dir=\"auto\">Fonte: <a href=\"https:\/\/www.facebook.com\/setormunicipalculturadomvicoso\">Facebook Setor Municipal de Cultura, Turismo e Meio Ambiente de Dom Vi\u00e7oso-MG.<\/a><\/div>\n","protected":false},"excerpt":{"rendered":"<p>Iniciou ontem 26 de outubro, o 2\u00b0 Festival do Caf\u00e9 [&hellip;]<\/p>\n","protected":false},"author":1,"featured_media":6189,"comment_status":"open","ping_status":"open","sticky":false,"template":"","format":"standard","meta":{"footnotes":""},"categories":[29],"tags":[],"class_list":["post-6188","post","type-post","status-publish","format-standard","has-post-thumbnail","hentry","category-noticias"],"_links":{"self":[{"href":"https:\/\/domvicoso.mg.gov.br\/v1\/wp-json\/wp\/v2\/posts\/6188","targetHints":{"allow":["GET"]}}],"collection":[{"href":"https:\/\/domvicoso.mg.gov.br\/v1\/wp-json\/wp\/v2\/posts"}],"about":[{"href":"https:\/\/domvicoso.mg.gov.br\/v1\/wp-json\/wp\/v2\/types\/post"}],"author":[{"embeddable":true,"href":"https:\/\/domvicoso.mg.gov.br\/v1\/wp-json\/wp\/v2\/users\/1"}],"replies":[{"embeddable":true,"href":"https:\/\/domvicoso.mg.gov.br\/v1\/wp-json\/wp\/v2\/comments?post=6188"}],"version-history":[{"count":2,"href":"https:\/\/domvicoso.mg.gov.br\/v1\/wp-json\/wp\/v2\/posts\/6188\/revisions"}],"predecessor-version":[{"id":6195,"href":"https:\/\/domvicoso.mg.gov.br\/v1\/wp-json\/wp\/v2\/posts\/6188\/revisions\/6195"}],"wp:featuredmedia":[{"embeddable":true,"href":"https:\/\/domvicoso.mg.gov.br\/v1\/wp-json\/wp\/v2\/media\/6189"}],"wp:attachment":[{"href":"https:\/\/domvicoso.mg.gov.br\/v1\/wp-json\/wp\/v2\/media?parent=6188"}],"wp:term":[{"taxonomy":"category","embeddable":true,"href":"https:\/\/domvicoso.mg.gov.br\/v1\/wp-json\/wp\/v2\/categories?post=6188"},{"taxonomy":"post_tag","embeddable":true,"href":"https:\/\/domvicoso.mg.gov.br\/v1\/wp-json\/wp\/v2\/tags?post=6188"}],"curies":[{"name":"wp","href":"https:\/\/api.w.org\/{rel}","templated":true}]}}