{"id":6232,"date":"2023-10-30T14:51:51","date_gmt":"2023-10-30T14:51:51","guid":{"rendered":"https:\/\/domvicoso.mg.gov.br\/v1\/?p=6232"},"modified":"2023-11-08T14:54:06","modified_gmt":"2023-11-08T14:54:06","slug":"instalacao-de-uma-torre-de-telefonia-movel-no-bairro-serrinha-em-dom-vicoso-mg","status":"publish","type":"post","link":"https:\/\/domvicoso.mg.gov.br\/v1\/instalacao-de-uma-torre-de-telefonia-movel-no-bairro-serrinha-em-dom-vicoso-mg\/","title":{"rendered":"Instala\u00e7\u00e3o de uma torre de telefonia m\u00f3vel no Bairro Serrinha em Dom Vi\u00e7oso\/MG"},"content":{"rendered":"<div class=\"xdj266r x11i5rnm xat24cr x1mh8g0r x1vvkbs x126k92a\">\n<div dir=\"auto\" style=\"text-align: justify;\">O Munic\u00edpio de Dom Vi\u00e7oso foi contemplado pelo Programa Al\u00f4 Minas, coordenado pela Secretaria de Estado de Planejamento e Gest\u00e3o (SEPLAG-MG) para instala\u00e7\u00e3o de uma torre de telefonia m\u00f3vel no Bairro Serrinha. A operadora de telefonia desta torre ser\u00e1 a CLARO.<\/div>\n<\/div>\n<div class=\"x11i5rnm xat24cr x1mh8g0r x1vvkbs xtlvy1s x126k92a\">\n<div dir=\"auto\" style=\"text-align: justify;\">O programa faz parte do Minas Atende, projeto estrat\u00e9gico da Seplag-MG. O objetivo \u00e9 levar sinal 4G para diversas localidades e distritos do interior de Minas que n\u00e3o contam com a tecnologia. A iniciativa permite que os cidad\u00e3os possam se comunicar com agilidade, encurtando dist\u00e2ncias e aumentando o potencial de gera\u00e7\u00e3o de renda.<\/div>\n<\/div>\n","protected":false},"excerpt":{"rendered":"<p>O Munic\u00edpio de Dom Vi\u00e7oso foi contemplado pelo Programa Al\u00f4 [&hellip;]<\/p>\n","protected":false},"author":1,"featured_media":6233,"comment_status":"open","ping_status":"open","sticky":false,"template":"","format":"standard","meta":{"footnotes":""},"categories":[29],"tags":[],"class_list":["post-6232","post","type-post","status-publish","format-standard","has-post-thumbnail","hentry","category-noticias"],"_links":{"self":[{"href":"https:\/\/domvicoso.mg.gov.br\/v1\/wp-json\/wp\/v2\/posts\/6232","targetHints":{"allow":["GET"]}}],"collection":[{"href":"https:\/\/domvicoso.mg.gov.br\/v1\/wp-json\/wp\/v2\/posts"}],"about":[{"href":"https:\/\/domvicoso.mg.gov.br\/v1\/wp-json\/wp\/v2\/types\/post"}],"author":[{"embeddable":true,"href":"https:\/\/domvicoso.mg.gov.br\/v1\/wp-json\/wp\/v2\/users\/1"}],"replies":[{"embeddable":true,"href":"https:\/\/domvicoso.mg.gov.br\/v1\/wp-json\/wp\/v2\/comments?post=6232"}],"version-history":[{"count":2,"href":"https:\/\/domvicoso.mg.gov.br\/v1\/wp-json\/wp\/v2\/posts\/6232\/revisions"}],"predecessor-version":[{"id":6238,"href":"https:\/\/domvicoso.mg.gov.br\/v1\/wp-json\/wp\/v2\/posts\/6232\/revisions\/6238"}],"wp:featuredmedia":[{"embeddable":true,"href":"https:\/\/domvicoso.mg.gov.br\/v1\/wp-json\/wp\/v2\/media\/6233"}],"wp:attachment":[{"href":"https:\/\/domvicoso.mg.gov.br\/v1\/wp-json\/wp\/v2\/media?parent=6232"}],"wp:term":[{"taxonomy":"category","embeddable":true,"href":"https:\/\/domvicoso.mg.gov.br\/v1\/wp-json\/wp\/v2\/categories?post=6232"},{"taxonomy":"post_tag","embeddable":true,"href":"https:\/\/domvicoso.mg.gov.br\/v1\/wp-json\/wp\/v2\/tags?post=6232"}],"curies":[{"name":"wp","href":"https:\/\/api.w.org\/{rel}","templated":true}]}}