{"id":6290,"date":"2023-11-10T13:51:44","date_gmt":"2023-11-10T13:51:44","guid":{"rendered":"https:\/\/domvicoso.mg.gov.br\/v1\/?p=6290"},"modified":"2023-11-11T13:54:29","modified_gmt":"2023-11-11T13:54:29","slug":"parabens-joaquim-adolfo-parabens-a-todos-os-nossos-produtores-parabens-dom-vicoso-terra-dos-melhores-cafes-especiais-do-mundo-%f0%9f%a5%87%e2%98%95%ef%b8%8f%f0%9f%8f%86","status":"publish","type":"post","link":"https:\/\/domvicoso.mg.gov.br\/v1\/parabens-joaquim-adolfo-parabens-a-todos-os-nossos-produtores-parabens-dom-vicoso-terra-dos-melhores-cafes-especiais-do-mundo-%f0%9f%a5%87%e2%98%95%ef%b8%8f%f0%9f%8f%86\/","title":{"rendered":"Parab\u00e9ns, Joaquim Adolfo! Parab\u00e9ns a todos os nossos produtores! Parab\u00e9ns, Dom Vi\u00e7oso, terra dos melhores caf\u00e9s especiais do mundo! &#x1f947;&#x2615;&#xfe0f;&#x1f3c6;"},"content":{"rendered":"","protected":false},"excerpt":{"rendered":"","protected":false},"author":1,"featured_media":6294,"comment_status":"open","ping_status":"open","sticky":false,"template":"","format":"standard","meta":{"footnotes":""},"categories":[29],"tags":[],"class_list":["post-6290","post","type-post","status-publish","format-standard","has-post-thumbnail","hentry","category-noticias"],"_links":{"self":[{"href":"https:\/\/domvicoso.mg.gov.br\/v1\/wp-json\/wp\/v2\/posts\/6290","targetHints":{"allow":["GET"]}}],"collection":[{"href":"https:\/\/domvicoso.mg.gov.br\/v1\/wp-json\/wp\/v2\/posts"}],"about":[{"href":"https:\/\/domvicoso.mg.gov.br\/v1\/wp-json\/wp\/v2\/types\/post"}],"author":[{"embeddable":true,"href":"https:\/\/domvicoso.mg.gov.br\/v1\/wp-json\/wp\/v2\/users\/1"}],"replies":[{"embeddable":true,"href":"https:\/\/domvicoso.mg.gov.br\/v1\/wp-json\/wp\/v2\/comments?post=6290"}],"version-history":[{"count":1,"href":"https:\/\/domvicoso.mg.gov.br\/v1\/wp-json\/wp\/v2\/posts\/6290\/revisions"}],"predecessor-version":[{"id":6295,"href":"https:\/\/domvicoso.mg.gov.br\/v1\/wp-json\/wp\/v2\/posts\/6290\/revisions\/6295"}],"wp:featuredmedia":[{"embeddable":true,"href":"https:\/\/domvicoso.mg.gov.br\/v1\/wp-json\/wp\/v2\/media\/6294"}],"wp:attachment":[{"href":"https:\/\/domvicoso.mg.gov.br\/v1\/wp-json\/wp\/v2\/media?parent=6290"}],"wp:term":[{"taxonomy":"category","embeddable":true,"href":"https:\/\/domvicoso.mg.gov.br\/v1\/wp-json\/wp\/v2\/categories?post=6290"},{"taxonomy":"post_tag","embeddable":true,"href":"https:\/\/domvicoso.mg.gov.br\/v1\/wp-json\/wp\/v2\/tags?post=6290"}],"curies":[{"name":"wp","href":"https:\/\/api.w.org\/{rel}","templated":true}]}}