{"id":6723,"date":"2024-01-29T12:54:52","date_gmt":"2024-01-29T12:54:52","guid":{"rendered":"https:\/\/domvicoso.mg.gov.br\/v1\/?p=6723"},"modified":"2024-02-16T13:04:53","modified_gmt":"2024-02-16T13:04:53","slug":"pedimos-a-colaboracao-de-todos-no-combate-ao-aedes-aegypti","status":"publish","type":"post","link":"https:\/\/domvicoso.mg.gov.br\/v1\/pedimos-a-colaboracao-de-todos-no-combate-ao-aedes-aegypti\/","title":{"rendered":"Pedimos a colabora\u00e7\u00e3o de todos no combate ao Aedes aegypti!!"},"content":{"rendered":"<div class=\"xdj266r x11i5rnm xat24cr x1mh8g0r x1vvkbs x126k92a\">\n<div dir=\"auto\">Com a chegada do ver\u00e3o e o aumento das chuvas em Janeiro, o n\u00famero de focos do Aedes Aegypti aumenta, n\u00e3o s\u00f3 em Dom Vi\u00e7oso, mais em todo Estado. Por isso a Prefeitura Municipal, por meio da Secretaria de Sa\u00fade e seus agentes, refor\u00e7am a import\u00e2ncia de medidas preventivas para evitar a prolifera\u00e7\u00e3o do mosquito transmissor da dengue, Zika e Chikungunya.<\/div>\n<\/div>\n<div class=\"x11i5rnm xat24cr x1mh8g0r x1vvkbs xtlvy1s x126k92a\">\n<div dir=\"auto\">Por isso pedimos a colabora\u00e7\u00e3o de todos no combate ao Aedes aegypti.<\/div>\n<\/div>\n<div class=\"x11i5rnm xat24cr x1mh8g0r x1vvkbs xtlvy1s x126k92a\">\n<div dir=\"auto\">Fa\u00e7a sua parte!!<\/div>\n<\/div>\n","protected":false},"excerpt":{"rendered":"<p>Com a chegada do ver\u00e3o e o aumento das chuvas [&hellip;]<\/p>\n","protected":false},"author":1,"featured_media":6728,"comment_status":"open","ping_status":"open","sticky":false,"template":"","format":"standard","meta":{"footnotes":""},"categories":[29],"tags":[],"class_list":["post-6723","post","type-post","status-publish","format-standard","has-post-thumbnail","hentry","category-noticias"],"_links":{"self":[{"href":"https:\/\/domvicoso.mg.gov.br\/v1\/wp-json\/wp\/v2\/posts\/6723","targetHints":{"allow":["GET"]}}],"collection":[{"href":"https:\/\/domvicoso.mg.gov.br\/v1\/wp-json\/wp\/v2\/posts"}],"about":[{"href":"https:\/\/domvicoso.mg.gov.br\/v1\/wp-json\/wp\/v2\/types\/post"}],"author":[{"embeddable":true,"href":"https:\/\/domvicoso.mg.gov.br\/v1\/wp-json\/wp\/v2\/users\/1"}],"replies":[{"embeddable":true,"href":"https:\/\/domvicoso.mg.gov.br\/v1\/wp-json\/wp\/v2\/comments?post=6723"}],"version-history":[{"count":1,"href":"https:\/\/domvicoso.mg.gov.br\/v1\/wp-json\/wp\/v2\/posts\/6723\/revisions"}],"predecessor-version":[{"id":6729,"href":"https:\/\/domvicoso.mg.gov.br\/v1\/wp-json\/wp\/v2\/posts\/6723\/revisions\/6729"}],"wp:featuredmedia":[{"embeddable":true,"href":"https:\/\/domvicoso.mg.gov.br\/v1\/wp-json\/wp\/v2\/media\/6728"}],"wp:attachment":[{"href":"https:\/\/domvicoso.mg.gov.br\/v1\/wp-json\/wp\/v2\/media?parent=6723"}],"wp:term":[{"taxonomy":"category","embeddable":true,"href":"https:\/\/domvicoso.mg.gov.br\/v1\/wp-json\/wp\/v2\/categories?post=6723"},{"taxonomy":"post_tag","embeddable":true,"href":"https:\/\/domvicoso.mg.gov.br\/v1\/wp-json\/wp\/v2\/tags?post=6723"}],"curies":[{"name":"wp","href":"https:\/\/api.w.org\/{rel}","templated":true}]}}