{"id":6918,"date":"2024-03-07T14:21:32","date_gmt":"2024-03-07T14:21:32","guid":{"rendered":"https:\/\/domvicoso.mg.gov.br\/v1\/?p=6918"},"modified":"2024-03-26T19:50:30","modified_gmt":"2024-03-26T19:50:30","slug":"inicio-de-obra-creche-educacao-semear-com-sabedoria-e-e-colher-com-paciencia","status":"publish","type":"post","link":"https:\/\/domvicoso.mg.gov.br\/v1\/inicio-de-obra-creche-educacao-semear-com-sabedoria-e-e-colher-com-paciencia\/","title":{"rendered":"In\u00edcio de Obra: CRECHE &#8211; EDUCA\u00c7\u00c3O: SEMEAR COM SABEDORIA E COLHER COM PACI\u00caNCIA"},"content":{"rendered":"<div class=\"x11i5rnm xat24cr x1mh8g0r x1vvkbs xtlvy1s x126k92a\">\n<div dir=\"auto\" style=\"text-align: justify;\">\u00c9 com grande alegria e expectativa que a Administra\u00e7\u00e3o Municipal anuncia o in\u00edcio das obras para a constru\u00e7\u00e3o da t\u00e3o aguardada creche em nossa amada Dom Vi\u00e7oso. Este \u00e9 um marco hist\u00f3rico que reflete nosso compromisso com o bem-estar e o desenvolvimento das crian\u00e7as e das fam\u00edlias que comp\u00f5em nossa comunidade. Desde 2008, o munic\u00edpio vem lutando para chegar \u00e0 essa conquista a fim de compartilhar com as fam\u00edlias o processo de forma\u00e7\u00e3o e constitui\u00e7\u00e3o da crian\u00e7a em sua integralidade, refor\u00e7ando sempre o compromisso desde o primeiro ano de mandato, com a qualidade da educa\u00e7\u00e3o municipal.<\/div>\n<div dir=\"auto\" style=\"text-align: justify;\">Juntos, constru\u00edmos esperan\u00e7a e oportunidades para as gera\u00e7\u00f5es futuras.<\/div>\n<\/div>\n<div class=\"x11i5rnm xat24cr x1mh8g0r x1vvkbs xtlvy1s x126k92a\">\n<div dir=\"auto\" style=\"text-align: justify;\">Esta \u00e9 uma grande e importante conquista para a nossa cidade!<\/div>\n<\/div>\n","protected":false},"excerpt":{"rendered":"<p>\u00c9 com grande alegria e expectativa que a Administra\u00e7\u00e3o Municipal [&hellip;]<\/p>\n","protected":false},"author":1,"featured_media":6923,"comment_status":"open","ping_status":"open","sticky":false,"template":"","format":"standard","meta":{"footnotes":""},"categories":[29],"tags":[],"class_list":["post-6918","post","type-post","status-publish","format-standard","has-post-thumbnail","hentry","category-noticias"],"_links":{"self":[{"href":"https:\/\/domvicoso.mg.gov.br\/v1\/wp-json\/wp\/v2\/posts\/6918","targetHints":{"allow":["GET"]}}],"collection":[{"href":"https:\/\/domvicoso.mg.gov.br\/v1\/wp-json\/wp\/v2\/posts"}],"about":[{"href":"https:\/\/domvicoso.mg.gov.br\/v1\/wp-json\/wp\/v2\/types\/post"}],"author":[{"embeddable":true,"href":"https:\/\/domvicoso.mg.gov.br\/v1\/wp-json\/wp\/v2\/users\/1"}],"replies":[{"embeddable":true,"href":"https:\/\/domvicoso.mg.gov.br\/v1\/wp-json\/wp\/v2\/comments?post=6918"}],"version-history":[{"count":2,"href":"https:\/\/domvicoso.mg.gov.br\/v1\/wp-json\/wp\/v2\/posts\/6918\/revisions"}],"predecessor-version":[{"id":7032,"href":"https:\/\/domvicoso.mg.gov.br\/v1\/wp-json\/wp\/v2\/posts\/6918\/revisions\/7032"}],"wp:featuredmedia":[{"embeddable":true,"href":"https:\/\/domvicoso.mg.gov.br\/v1\/wp-json\/wp\/v2\/media\/6923"}],"wp:attachment":[{"href":"https:\/\/domvicoso.mg.gov.br\/v1\/wp-json\/wp\/v2\/media?parent=6918"}],"wp:term":[{"taxonomy":"category","embeddable":true,"href":"https:\/\/domvicoso.mg.gov.br\/v1\/wp-json\/wp\/v2\/categories?post=6918"},{"taxonomy":"post_tag","embeddable":true,"href":"https:\/\/domvicoso.mg.gov.br\/v1\/wp-json\/wp\/v2\/tags?post=6918"}],"curies":[{"name":"wp","href":"https:\/\/api.w.org\/{rel}","templated":true}]}}