{"id":7160,"date":"2024-04-08T14:40:35","date_gmt":"2024-04-08T14:40:35","guid":{"rendered":"https:\/\/domvicoso.mg.gov.br\/v1\/?p=7160"},"modified":"2024-04-16T14:46:25","modified_gmt":"2024-04-16T14:46:25","slug":"desenvolvimento-da-obra-creche-semear-com-sabedoria-e-colher-com-paciencia","status":"publish","type":"post","link":"https:\/\/domvicoso.mg.gov.br\/v1\/desenvolvimento-da-obra-creche-semear-com-sabedoria-e-colher-com-paciencia\/","title":{"rendered":"Desenvolvimento da obra: CRECHE &#8211; Semear com sabedoria e colher com paci\u00eancia."},"content":{"rendered":"<div class=\"x11i5rnm xat24cr x1mh8g0r x1vvkbs xtlvy1s x126k92a\">\n<div dir=\"auto\" style=\"text-align: justify;\">H\u00e1 um m\u00eas, iniciamos a obra da t\u00e3o esperada CRECHE.<\/div>\n<div dir=\"auto\" style=\"text-align: justify;\">Hoje, estamos aqui para compartilhar o andamento dessa grande conquista, junto \u00e0 comunidade de Dom Vi\u00e7oso.<\/div>\n<\/div>\n<div class=\"x11i5rnm xat24cr x1mh8g0r x1vvkbs xtlvy1s x126k92a\" style=\"text-align: justify;\">\n<div dir=\"auto\">A materializa\u00e7\u00e3o da creche reflete nosso firme compromisso com o bem-estar e o desenvolvimento das crian\u00e7as, sempre buscando oferecer uma educa\u00e7\u00e3o infantil de excel\u00eancia.<\/div>\n<\/div>\n<div class=\"x11i5rnm xat24cr x1mh8g0r x1vvkbs xtlvy1s x126k92a\">\n<div dir=\"auto\" style=\"text-align: justify;\">Juntos estamos construindo um ambiente seguro e inspirador para nossas crian\u00e7as!<\/div>\n<\/div>\n","protected":false},"excerpt":{"rendered":"<p>H\u00e1 um m\u00eas, iniciamos a obra da t\u00e3o esperada CRECHE. [&hellip;]<\/p>\n","protected":false},"author":1,"featured_media":7163,"comment_status":"open","ping_status":"open","sticky":false,"template":"","format":"standard","meta":{"footnotes":""},"categories":[29],"tags":[],"class_list":["post-7160","post","type-post","status-publish","format-standard","has-post-thumbnail","hentry","category-noticias"],"_links":{"self":[{"href":"https:\/\/domvicoso.mg.gov.br\/v1\/wp-json\/wp\/v2\/posts\/7160","targetHints":{"allow":["GET"]}}],"collection":[{"href":"https:\/\/domvicoso.mg.gov.br\/v1\/wp-json\/wp\/v2\/posts"}],"about":[{"href":"https:\/\/domvicoso.mg.gov.br\/v1\/wp-json\/wp\/v2\/types\/post"}],"author":[{"embeddable":true,"href":"https:\/\/domvicoso.mg.gov.br\/v1\/wp-json\/wp\/v2\/users\/1"}],"replies":[{"embeddable":true,"href":"https:\/\/domvicoso.mg.gov.br\/v1\/wp-json\/wp\/v2\/comments?post=7160"}],"version-history":[{"count":1,"href":"https:\/\/domvicoso.mg.gov.br\/v1\/wp-json\/wp\/v2\/posts\/7160\/revisions"}],"predecessor-version":[{"id":7166,"href":"https:\/\/domvicoso.mg.gov.br\/v1\/wp-json\/wp\/v2\/posts\/7160\/revisions\/7166"}],"wp:featuredmedia":[{"embeddable":true,"href":"https:\/\/domvicoso.mg.gov.br\/v1\/wp-json\/wp\/v2\/media\/7163"}],"wp:attachment":[{"href":"https:\/\/domvicoso.mg.gov.br\/v1\/wp-json\/wp\/v2\/media?parent=7160"}],"wp:term":[{"taxonomy":"category","embeddable":true,"href":"https:\/\/domvicoso.mg.gov.br\/v1\/wp-json\/wp\/v2\/categories?post=7160"},{"taxonomy":"post_tag","embeddable":true,"href":"https:\/\/domvicoso.mg.gov.br\/v1\/wp-json\/wp\/v2\/tags?post=7160"}],"curies":[{"name":"wp","href":"https:\/\/api.w.org\/{rel}","templated":true}]}}