{"id":7167,"date":"2024-04-10T14:47:21","date_gmt":"2024-04-10T14:47:21","guid":{"rendered":"https:\/\/domvicoso.mg.gov.br\/v1\/?p=7167"},"modified":"2024-04-16T14:49:08","modified_gmt":"2024-04-16T14:49:08","slug":"minha-casa-minha-vida-em-dom-vicoso-mg","status":"publish","type":"post","link":"https:\/\/domvicoso.mg.gov.br\/v1\/minha-casa-minha-vida-em-dom-vicoso-mg\/","title":{"rendered":"Minha Casa Minha Vida em Dom Vi\u00e7oso-MG"},"content":{"rendered":"<div class=\"xdj266r x11i5rnm xat24cr x1mh8g0r x1vvkbs x126k92a\">\n<div dir=\"auto\" style=\"text-align: justify;\">O munic\u00edpio de Dom Vi\u00e7oso foi recentemente contemplado no programa Minha Casa Minha Vida do governo federal, gra\u00e7as ao grande apoio do deputado Nilton Cardoso Junior e do ministro Jader Barbalho.<\/div>\n<\/div>\n<div class=\"x11i5rnm xat24cr x1mh8g0r x1vvkbs xtlvy1s x126k92a\" style=\"text-align: justify;\">\n<div dir=\"auto\">Este \u00e9 um projeto de enorme import\u00e2ncia para as fam\u00edlias carentes em todo o territ\u00f3rio nacional, al\u00e9m de ser um grande incentivo ao pequeno produtor rural, valorizando seu trabalho.<\/div>\n<\/div>\n<div class=\"x11i5rnm xat24cr x1mh8g0r x1vvkbs xtlvy1s x126k92a\" style=\"text-align: justify;\">\n<div dir=\"auto\">A administra\u00e7\u00e3o municipal, liderada pelo prefeito Nei e pelo vice Paulo Henrique, tem se mostrado atenta \u00e0s necessidades do pequeno produtor rural, garantindo seu acesso a esse programa. Al\u00e9m disso, o programa tem atendido outras fam\u00edlias vulner\u00e1veis que se enquadram nos crit\u00e9rios estabelecidos. A equipe tem trabalhado incansavelmente para montar toda a documenta\u00e7\u00e3o necess\u00e1ria para a participa\u00e7\u00e3o no programa.<\/div>\n<\/div>\n<div class=\"x11i5rnm xat24cr x1mh8g0r x1vvkbs xtlvy1s x126k92a\">\n<div dir=\"auto\" style=\"text-align: justify;\">Essa iniciativa reflete a preocupa\u00e7\u00e3o da administra\u00e7\u00e3o com o desenvolvimento das fam\u00edlias e dos mun\u00edcipes de Dom Vi\u00e7oso, demonstrando que o executivo sempre trabalhou e continuar\u00e1 trabalhando pelo progresso e pelas melhorias do munic\u00edpio.<\/div>\n<\/div>\n","protected":false},"excerpt":{"rendered":"<p>O munic\u00edpio de Dom Vi\u00e7oso foi recentemente contemplado no programa [&hellip;]<\/p>\n","protected":false},"author":1,"featured_media":7168,"comment_status":"open","ping_status":"open","sticky":false,"template":"","format":"standard","meta":{"footnotes":""},"categories":[29],"tags":[],"class_list":["post-7167","post","type-post","status-publish","format-standard","has-post-thumbnail","hentry","category-noticias"],"_links":{"self":[{"href":"https:\/\/domvicoso.mg.gov.br\/v1\/wp-json\/wp\/v2\/posts\/7167","targetHints":{"allow":["GET"]}}],"collection":[{"href":"https:\/\/domvicoso.mg.gov.br\/v1\/wp-json\/wp\/v2\/posts"}],"about":[{"href":"https:\/\/domvicoso.mg.gov.br\/v1\/wp-json\/wp\/v2\/types\/post"}],"author":[{"embeddable":true,"href":"https:\/\/domvicoso.mg.gov.br\/v1\/wp-json\/wp\/v2\/users\/1"}],"replies":[{"embeddable":true,"href":"https:\/\/domvicoso.mg.gov.br\/v1\/wp-json\/wp\/v2\/comments?post=7167"}],"version-history":[{"count":1,"href":"https:\/\/domvicoso.mg.gov.br\/v1\/wp-json\/wp\/v2\/posts\/7167\/revisions"}],"predecessor-version":[{"id":7169,"href":"https:\/\/domvicoso.mg.gov.br\/v1\/wp-json\/wp\/v2\/posts\/7167\/revisions\/7169"}],"wp:featuredmedia":[{"embeddable":true,"href":"https:\/\/domvicoso.mg.gov.br\/v1\/wp-json\/wp\/v2\/media\/7168"}],"wp:attachment":[{"href":"https:\/\/domvicoso.mg.gov.br\/v1\/wp-json\/wp\/v2\/media?parent=7167"}],"wp:term":[{"taxonomy":"category","embeddable":true,"href":"https:\/\/domvicoso.mg.gov.br\/v1\/wp-json\/wp\/v2\/categories?post=7167"},{"taxonomy":"post_tag","embeddable":true,"href":"https:\/\/domvicoso.mg.gov.br\/v1\/wp-json\/wp\/v2\/tags?post=7167"}],"curies":[{"name":"wp","href":"https:\/\/api.w.org\/{rel}","templated":true}]}}