{"id":7392,"date":"2024-06-10T14:39:09","date_gmt":"2024-06-10T14:39:09","guid":{"rendered":"https:\/\/domvicoso.mg.gov.br\/v1\/?p=7392"},"modified":"2024-06-24T14:40:54","modified_gmt":"2024-06-24T14:40:54","slug":"final-do-campeonato-inter-municipal-de-futebol-amador-de-dom-vicoso-%e2%9a%bd%ef%b8%8f","status":"publish","type":"post","link":"https:\/\/domvicoso.mg.gov.br\/v1\/final-do-campeonato-inter-municipal-de-futebol-amador-de-dom-vicoso-%e2%9a%bd%ef%b8%8f\/","title":{"rendered":"Final do campeonato Inter Municipal de futebol amador de Dom Vi\u00e7oso \u26bd\ufe0f"},"content":{"rendered":"<div dir=\"auto\" style=\"text-align: justify;\">E nesse domingo, dia 09 de junho , aconteceu em nosso munic\u00edpio a final do campeonato Inter Municipal de futebol amador de Dom Vi\u00e7oso. Entre os times Gal\u00e1cticos e Serrinha.<\/div>\n<div dir=\"auto\" style=\"text-align: justify;\">A partida que terminou com o empate de 3 x 3 e teve que ser decidida nos p\u00eanaltis foi emocionante e levou a torcida a loucura. Nos p\u00eanaltis o placar ficou 4 x 2 para Serrinha consagrando a grande campe\u00e3 do Campeonato!!<\/div>\n","protected":false},"excerpt":{"rendered":"<p>E nesse domingo, dia 09 de junho , aconteceu em [&hellip;]<\/p>\n","protected":false},"author":1,"featured_media":7397,"comment_status":"open","ping_status":"open","sticky":false,"template":"","format":"standard","meta":{"footnotes":""},"categories":[29],"tags":[],"class_list":["post-7392","post","type-post","status-publish","format-standard","has-post-thumbnail","hentry","category-noticias"],"_links":{"self":[{"href":"https:\/\/domvicoso.mg.gov.br\/v1\/wp-json\/wp\/v2\/posts\/7392","targetHints":{"allow":["GET"]}}],"collection":[{"href":"https:\/\/domvicoso.mg.gov.br\/v1\/wp-json\/wp\/v2\/posts"}],"about":[{"href":"https:\/\/domvicoso.mg.gov.br\/v1\/wp-json\/wp\/v2\/types\/post"}],"author":[{"embeddable":true,"href":"https:\/\/domvicoso.mg.gov.br\/v1\/wp-json\/wp\/v2\/users\/1"}],"replies":[{"embeddable":true,"href":"https:\/\/domvicoso.mg.gov.br\/v1\/wp-json\/wp\/v2\/comments?post=7392"}],"version-history":[{"count":1,"href":"https:\/\/domvicoso.mg.gov.br\/v1\/wp-json\/wp\/v2\/posts\/7392\/revisions"}],"predecessor-version":[{"id":7398,"href":"https:\/\/domvicoso.mg.gov.br\/v1\/wp-json\/wp\/v2\/posts\/7392\/revisions\/7398"}],"wp:featuredmedia":[{"embeddable":true,"href":"https:\/\/domvicoso.mg.gov.br\/v1\/wp-json\/wp\/v2\/media\/7397"}],"wp:attachment":[{"href":"https:\/\/domvicoso.mg.gov.br\/v1\/wp-json\/wp\/v2\/media?parent=7392"}],"wp:term":[{"taxonomy":"category","embeddable":true,"href":"https:\/\/domvicoso.mg.gov.br\/v1\/wp-json\/wp\/v2\/categories?post=7392"},{"taxonomy":"post_tag","embeddable":true,"href":"https:\/\/domvicoso.mg.gov.br\/v1\/wp-json\/wp\/v2\/tags?post=7392"}],"curies":[{"name":"wp","href":"https:\/\/api.w.org\/{rel}","templated":true}]}}