{"id":7655,"date":"2024-11-07T13:08:12","date_gmt":"2024-11-07T13:08:12","guid":{"rendered":"https:\/\/domvicoso.mg.gov.br\/v1\/?p=7655"},"modified":"2024-11-14T13:10:16","modified_gmt":"2024-11-14T13:10:16","slug":"e-hoje-e-dia-de-tbt","status":"publish","type":"post","link":"https:\/\/domvicoso.mg.gov.br\/v1\/e-hoje-e-dia-de-tbt\/","title":{"rendered":"E hoje \u00e9 dia de #TBT!"},"content":{"rendered":"<div dir=\"auto\"><\/div>\n<div dir=\"auto\">A lembran\u00e7a especial dessa quinta-feira \u00e9 o nosso querido Festival do Caf\u00e9 Especial de Dom Vi\u00e7oso, que nesse ano de 2024, celebrou sua 3\u00ba edi\u00e7\u00e3o que aconteceu dos dias 13 a 15 de setembro.<\/div>\n<div dir=\"auto\">A festa foi marcada por uma decora\u00e7\u00e3o impec\u00e1vel, com rua de expositores da cidade e regi\u00e3o, uma pra\u00e7a de alimenta\u00e7\u00e3o que agradou quem passava por l\u00e1 e shows que n\u00e3o deixaram ningu\u00e9m ficar parado, agradando todos os gostos musicais.<\/div>\n<div dir=\"auto\">No s\u00e1bado, dia 14, tivemos workshops variados, o resultado do concurso dos caf\u00e9s especiais e o Leil\u00e3o dos 10 melhores caf\u00e9s do concurso. O leiloreiro, Alexandre Paiva Frade, foi extraordin\u00e1rio na condu\u00e7\u00e3o do leil\u00e3o fazendo a todos que estavam no local vibrarem e se emocionarem com os lances. No fim dessa mesma noite, tivemos um lindo show com Ivan Vilela.<\/div>\n<div dir=\"auto\">J\u00e1 no domingo, seguimos com os expositores, a pra\u00e7a de alimenta\u00e7\u00e3o e teatro para crian\u00e7ada fechando o evento com um show sensacional da Banda Dino.<\/div>\n<div dir=\"auto\">O evento que reuniu profissionais do caf\u00e9 de todas as regi\u00f5es e trouxe mais visibilidade e prestigio aos caf\u00e9s do munic\u00edpio.<\/div>\n<div dir=\"auto\">Bom, dizem que recordar \u00e9 viver, ent\u00e3o, foi muito bom poder relembrar esses momentos com voc\u00eas!<\/div>\n<div dir=\"auto\">3\u00ba Festival do Caf\u00e9 Especial de Dom Vi\u00e7oso e Regi\u00e3o<\/div>\n<div dir=\"auto\"><\/div>\n<div dir=\"auto\">Fonte: <a href=\"https:\/\/www.facebook.com\/setormunicipalculturadomvicoso\">Setor Municipal de Cultura, Turismo e Meio Ambiente de Dom Vi\u00e7oso-MG\u00a0<\/a><\/div>\n","protected":false},"excerpt":{"rendered":"<p>A lembran\u00e7a especial dessa quinta-feira \u00e9 o nosso querido Festival [&hellip;]<\/p>\n","protected":false},"author":1,"featured_media":7660,"comment_status":"open","ping_status":"open","sticky":false,"template":"","format":"standard","meta":{"footnotes":""},"categories":[29],"tags":[],"class_list":["post-7655","post","type-post","status-publish","format-standard","has-post-thumbnail","hentry","category-noticias"],"_links":{"self":[{"href":"https:\/\/domvicoso.mg.gov.br\/v1\/wp-json\/wp\/v2\/posts\/7655","targetHints":{"allow":["GET"]}}],"collection":[{"href":"https:\/\/domvicoso.mg.gov.br\/v1\/wp-json\/wp\/v2\/posts"}],"about":[{"href":"https:\/\/domvicoso.mg.gov.br\/v1\/wp-json\/wp\/v2\/types\/post"}],"author":[{"embeddable":true,"href":"https:\/\/domvicoso.mg.gov.br\/v1\/wp-json\/wp\/v2\/users\/1"}],"replies":[{"embeddable":true,"href":"https:\/\/domvicoso.mg.gov.br\/v1\/wp-json\/wp\/v2\/comments?post=7655"}],"version-history":[{"count":1,"href":"https:\/\/domvicoso.mg.gov.br\/v1\/wp-json\/wp\/v2\/posts\/7655\/revisions"}],"predecessor-version":[{"id":7661,"href":"https:\/\/domvicoso.mg.gov.br\/v1\/wp-json\/wp\/v2\/posts\/7655\/revisions\/7661"}],"wp:featuredmedia":[{"embeddable":true,"href":"https:\/\/domvicoso.mg.gov.br\/v1\/wp-json\/wp\/v2\/media\/7660"}],"wp:attachment":[{"href":"https:\/\/domvicoso.mg.gov.br\/v1\/wp-json\/wp\/v2\/media?parent=7655"}],"wp:term":[{"taxonomy":"category","embeddable":true,"href":"https:\/\/domvicoso.mg.gov.br\/v1\/wp-json\/wp\/v2\/categories?post=7655"},{"taxonomy":"post_tag","embeddable":true,"href":"https:\/\/domvicoso.mg.gov.br\/v1\/wp-json\/wp\/v2\/tags?post=7655"}],"curies":[{"name":"wp","href":"https:\/\/api.w.org\/{rel}","templated":true}]}}