{"id":7682,"date":"2024-11-15T17:17:26","date_gmt":"2024-11-15T17:17:26","guid":{"rendered":"https:\/\/domvicoso.mg.gov.br\/v1\/?p=7682"},"modified":"2024-11-28T18:31:08","modified_gmt":"2024-11-28T18:31:08","slug":"inauguracao-da-primeira-instituicao-financeira-de-dom-vicoso","status":"publish","type":"post","link":"https:\/\/domvicoso.mg.gov.br\/v1\/inauguracao-da-primeira-instituicao-financeira-de-dom-vicoso\/","title":{"rendered":"Inaugura\u00e7\u00e3o da primeira institui\u00e7\u00e3o financeira de Dom Vi\u00e7oso"},"content":{"rendered":"<div class=\"xdj266r x11i5rnm xat24cr x1mh8g0r x1vvkbs x126k92a\">\n<div dir=\"auto\">Aconteceu nessa ter\u00e7a-feira, 12 de novembro, a inaugura\u00e7\u00e3o da primeira institui\u00e7\u00e3o financeira de Dom Vi\u00e7oso. O SICREDI agora faz parte de n\u00f3s!<\/div>\n<div dir=\"auto\">Com uma cerim\u00f4nia de inaugura\u00e7\u00e3o acolhedora, a abertura de portas da primeira ag\u00eancia banc\u00e1ria do munic\u00edpio contou com a presen\u00e7a do Prefeito Nei, o vice-prefeito Tomate, vereadores, secretariados, comerciantes, representantes de entidades, autoridades religiosas e comunidade. Representando a cooperativa, recebemos a presidente do Conselho Administrativo, Angelita Cadona, e sua equipe, bem como, os agentes operadores da ag\u00eancia de Dom Vi\u00e7oso.<\/div>\n<div dir=\"auto\">O evento contou com apresenta\u00e7\u00e3o musical e abertura de portas da ag\u00eancia para um coffee break que agradou a todos!<\/div>\n<\/div>\n<div class=\"x11i5rnm xat24cr x1mh8g0r x1vvkbs xtlvy1s x126k92a\">\n<div dir=\"auto\">A ag\u00eancia de Dom Vi\u00e7oso j\u00e1 est\u00e1 em funcionamento de segunda a sexta-feira das 09:00 h da manh\u00e3 \u00e0s 15:30 h .<\/div>\n<\/div>\n","protected":false},"excerpt":{"rendered":"<p>Aconteceu nessa ter\u00e7a-feira, 12 de novembro, a inaugura\u00e7\u00e3o da primeira [&hellip;]<\/p>\n","protected":false},"author":1,"featured_media":7687,"comment_status":"open","ping_status":"open","sticky":false,"template":"","format":"standard","meta":{"footnotes":""},"categories":[29],"tags":[],"class_list":["post-7682","post","type-post","status-publish","format-standard","has-post-thumbnail","hentry","category-noticias"],"_links":{"self":[{"href":"https:\/\/domvicoso.mg.gov.br\/v1\/wp-json\/wp\/v2\/posts\/7682","targetHints":{"allow":["GET"]}}],"collection":[{"href":"https:\/\/domvicoso.mg.gov.br\/v1\/wp-json\/wp\/v2\/posts"}],"about":[{"href":"https:\/\/domvicoso.mg.gov.br\/v1\/wp-json\/wp\/v2\/types\/post"}],"author":[{"embeddable":true,"href":"https:\/\/domvicoso.mg.gov.br\/v1\/wp-json\/wp\/v2\/users\/1"}],"replies":[{"embeddable":true,"href":"https:\/\/domvicoso.mg.gov.br\/v1\/wp-json\/wp\/v2\/comments?post=7682"}],"version-history":[{"count":1,"href":"https:\/\/domvicoso.mg.gov.br\/v1\/wp-json\/wp\/v2\/posts\/7682\/revisions"}],"predecessor-version":[{"id":7688,"href":"https:\/\/domvicoso.mg.gov.br\/v1\/wp-json\/wp\/v2\/posts\/7682\/revisions\/7688"}],"wp:featuredmedia":[{"embeddable":true,"href":"https:\/\/domvicoso.mg.gov.br\/v1\/wp-json\/wp\/v2\/media\/7687"}],"wp:attachment":[{"href":"https:\/\/domvicoso.mg.gov.br\/v1\/wp-json\/wp\/v2\/media?parent=7682"}],"wp:term":[{"taxonomy":"category","embeddable":true,"href":"https:\/\/domvicoso.mg.gov.br\/v1\/wp-json\/wp\/v2\/categories?post=7682"},{"taxonomy":"post_tag","embeddable":true,"href":"https:\/\/domvicoso.mg.gov.br\/v1\/wp-json\/wp\/v2\/tags?post=7682"}],"curies":[{"name":"wp","href":"https:\/\/api.w.org\/{rel}","templated":true}]}}