{"id":7723,"date":"2025-01-01T11:35:25","date_gmt":"2025-01-01T11:35:25","guid":{"rendered":"https:\/\/domvicoso.mg.gov.br\/v1\/?p=7723"},"modified":"2025-01-03T11:50:24","modified_gmt":"2025-01-03T11:50:24","slug":"cerimonia-de-posse-legislatura-2025-2028","status":"publish","type":"post","link":"https:\/\/domvicoso.mg.gov.br\/v1\/cerimonia-de-posse-legislatura-2025-2028\/","title":{"rendered":"Cerim\u00f4nia de Posse (legislatura 2025-2028)"},"content":{"rendered":"<div class=\"xdj266r x11i5rnm xat24cr x1mh8g0r x1vvkbs x126k92a\">\n<div dir=\"auto\">OCORREU EM 01 DE JANEIRO DE 2025, a cerim\u00f4nia de posse para prefeito, vice-prefeito e vereadores eleitos para a legislatura 2025-2028.<\/div>\n<\/div>\n<div class=\"x11i5rnm xat24cr x1mh8g0r x1vvkbs xtlvy1s x126k92a\">\n<div dir=\"auto\">CHICO da DINA assumiu o cargo de PREFEITO, TANGO de VICE-PREFEITO.<\/div>\n<div dir=\"auto\">Al\u00e9m deles, nove vereadores tamb\u00e9m eleitos, tomaram posse na mesma cerim\u00f4nia.<\/div>\n<\/div>\n<div class=\"x11i5rnm xat24cr x1mh8g0r x1vvkbs xtlvy1s x126k92a\">\n<div dir=\"auto\">O evento teve in\u00edcio, com a celebra\u00e7\u00e3o da missa de posse \u00e0s 08:00h, \u00e0s 10:00h a reuni\u00e3o solene na C\u00e2mara Municipal, em seguida a solenidade p\u00f3s posse, encerrando com uma confraterniza\u00e7\u00e3o para a popula\u00e7\u00e3o.<\/div>\n<\/div>\n","protected":false},"excerpt":{"rendered":"<p>OCORREU EM 01 DE JANEIRO DE 2025, a cerim\u00f4nia de [&hellip;]<\/p>\n","protected":false},"author":1,"featured_media":7728,"comment_status":"open","ping_status":"open","sticky":false,"template":"","format":"standard","meta":{"footnotes":""},"categories":[29],"tags":[],"class_list":["post-7723","post","type-post","status-publish","format-standard","has-post-thumbnail","hentry","category-noticias"],"_links":{"self":[{"href":"https:\/\/domvicoso.mg.gov.br\/v1\/wp-json\/wp\/v2\/posts\/7723","targetHints":{"allow":["GET"]}}],"collection":[{"href":"https:\/\/domvicoso.mg.gov.br\/v1\/wp-json\/wp\/v2\/posts"}],"about":[{"href":"https:\/\/domvicoso.mg.gov.br\/v1\/wp-json\/wp\/v2\/types\/post"}],"author":[{"embeddable":true,"href":"https:\/\/domvicoso.mg.gov.br\/v1\/wp-json\/wp\/v2\/users\/1"}],"replies":[{"embeddable":true,"href":"https:\/\/domvicoso.mg.gov.br\/v1\/wp-json\/wp\/v2\/comments?post=7723"}],"version-history":[{"count":2,"href":"https:\/\/domvicoso.mg.gov.br\/v1\/wp-json\/wp\/v2\/posts\/7723\/revisions"}],"predecessor-version":[{"id":7751,"href":"https:\/\/domvicoso.mg.gov.br\/v1\/wp-json\/wp\/v2\/posts\/7723\/revisions\/7751"}],"wp:featuredmedia":[{"embeddable":true,"href":"https:\/\/domvicoso.mg.gov.br\/v1\/wp-json\/wp\/v2\/media\/7728"}],"wp:attachment":[{"href":"https:\/\/domvicoso.mg.gov.br\/v1\/wp-json\/wp\/v2\/media?parent=7723"}],"wp:term":[{"taxonomy":"category","embeddable":true,"href":"https:\/\/domvicoso.mg.gov.br\/v1\/wp-json\/wp\/v2\/categories?post=7723"},{"taxonomy":"post_tag","embeddable":true,"href":"https:\/\/domvicoso.mg.gov.br\/v1\/wp-json\/wp\/v2\/tags?post=7723"}],"curies":[{"name":"wp","href":"https:\/\/api.w.org\/{rel}","templated":true}]}}