{"id":7852,"date":"2025-01-11T13:10:39","date_gmt":"2025-01-11T13:10:39","guid":{"rendered":"https:\/\/domvicoso.mg.gov.br\/v1\/?p=7852"},"modified":"2025-01-27T13:12:06","modified_gmt":"2025-01-27T13:12:06","slug":"prefeitura-em-acao-nos-bairros-vicoso-velho-e-bambu","status":"publish","type":"post","link":"https:\/\/domvicoso.mg.gov.br\/v1\/prefeitura-em-acao-nos-bairros-vicoso-velho-e-bambu\/","title":{"rendered":"Prefeitura em a\u00e7\u00e3o nos bairros Vi\u00e7oso Velho e Bambu!"},"content":{"rendered":"<div class=\"x11i5rnm xat24cr x1mh8g0r x1vvkbs xtlvy1s x126k92a\">\n<div dir=\"auto\">Na manh\u00e3 deste s\u00e1bado, 11 de janeiro, nosso prefeito esteve acompanhando de perto a situa\u00e7\u00e3o do encanamento e do abastecimento de \u00e1gua nos bairros Vi\u00e7oso Velho e Bambu. Junto com os dedicados funcion\u00e1rios Virg\u00edlio e Marquinho, foi constatado que a situa\u00e7\u00e3o se encontra prec\u00e1ria, com vazamentos e instala\u00e7\u00f5es improvisadas.<\/div>\n<\/div>\n<div class=\"x11i5rnm xat24cr x1mh8g0r x1vvkbs xtlvy1s x126k92a\">\n<div dir=\"auto\">Mesmo enfrentando grandes dificuldades, o funcion\u00e1rio Marquinho segue trabalhando arduamente para garantir que n\u00e3o falte \u00e1gua para os moradores.<\/div>\n<\/div>\n<div class=\"x11i5rnm xat24cr x1mh8g0r x1vvkbs xtlvy1s x126k92a\">\n<div dir=\"auto\">O prefeito reafirmou o compromisso de substituir os encanamentos antigos, melhorar as condi\u00e7\u00f5es de trabalho para a equipe e garantir uma capta\u00e7\u00e3o de \u00e1gua de melhor qualidade para todos.<\/div>\n<\/div>\n<div class=\"x11i5rnm xat24cr x1mh8g0r x1vvkbs xtlvy1s x126k92a\">\n<div dir=\"auto\"><span class=\"html-span xexx8yu x4uap5 x18d9i69 xkhd6sd x1hl2dhg x16tdsg8 x1vvkbs x3nfvp2 x1j61x8r x1fcty0u xdj266r xat24cr xgzva0m xhhsvwb xxymvpz xlup9mm x1kky2od\"><img decoding=\"async\" class=\"lazyload xz74otr\" src=\"data:image\/svg+xml,%3Csvg%20xmlns%3D%27http%3A%2F%2Fwww.w3.org%2F2000%2Fsvg%27%20width%3D%2716%27%20height%3D%2716%27%20viewBox%3D%270%200%2016%2016%27%3E%3Crect%20width%3D%2716%27%20height%3D%2716%27%20fill-opacity%3D%220%22%2F%3E%3C%2Fsvg%3E\" data-orig-src=\"https:\/\/static.xx.fbcdn.net\/images\/emoji.php\/v9\/t42\/1\/16\/1f4a7.png\" alt=\"\" width=\"16\" height=\"16\" \/><\/span> Cuidar da infraestrutura \u00e9 investir na qualidade de vida da nossa popula\u00e7\u00e3o!<\/div>\n<div dir=\"auto\"><span class=\"html-span xdj266r x11i5rnm xat24cr x1mh8g0r xexx8yu x4uap5 x18d9i69 xkhd6sd x1hl2dhg x16tdsg8 x1vvkbs\"><a class=\"x1i10hfl xjbqb8w x1ejq31n xd10rxx x1sy0etr x17r0tee x972fbf xcfux6l x1qhh985 xm0m39n x9f619 x1ypdohk xt0psk2 xe8uvvx xdj266r x11i5rnm xat24cr x1mh8g0r xexx8yu x4uap5 x18d9i69 xkhd6sd x16tdsg8 x1hl2dhg xggy1nq x1a2a7pz x1sur9pj xkrqix3 x1fey0fg x1s688f\" tabindex=\"0\" role=\"link\" href=\"https:\/\/www.facebook.com\/hashtag\/prefeituramunicipal?__eep__=6&amp;__cft__[0]=AZWZIQk16ofQHyN5K8zDvp6mun29cLMeqxVRJECldo2BHvtJfWM0cK3hzpc0q-fwTG_tnk-033IQLwTWtOZdW88ODFpDiwo3M-WSVVycRV7Qg79p9psF1h-gOirryPU9-mqU_6XO5A-WrTMtU-rugcHU2ZLAWR-dKMlmQgh1w0DsPNp18JTLkcC8__8ad8DJ9SE&amp;__tn__=*NK-R\">#PrefeituraMunicipal<\/a><\/span> <span class=\"html-span xdj266r x11i5rnm xat24cr x1mh8g0r xexx8yu x4uap5 x18d9i69 xkhd6sd x1hl2dhg x16tdsg8 x1vvkbs\"><a class=\"x1i10hfl xjbqb8w x1ejq31n xd10rxx x1sy0etr x17r0tee x972fbf xcfux6l x1qhh985 xm0m39n x9f619 x1ypdohk xt0psk2 xe8uvvx xdj266r x11i5rnm xat24cr x1mh8g0r xexx8yu x4uap5 x18d9i69 xkhd6sd x16tdsg8 x1hl2dhg xggy1nq x1a2a7pz x1sur9pj xkrqix3 x1fey0fg x1s688f\" tabindex=\"0\" role=\"link\" href=\"https:\/\/www.facebook.com\/hashtag\/trabalhandoporvoc%C3%AA?__eep__=6&amp;__cft__[0]=AZWZIQk16ofQHyN5K8zDvp6mun29cLMeqxVRJECldo2BHvtJfWM0cK3hzpc0q-fwTG_tnk-033IQLwTWtOZdW88ODFpDiwo3M-WSVVycRV7Qg79p9psF1h-gOirryPU9-mqU_6XO5A-WrTMtU-rugcHU2ZLAWR-dKMlmQgh1w0DsPNp18JTLkcC8__8ad8DJ9SE&amp;__tn__=*NK-R\">#TrabalhandoPorVoc\u00ea<\/a><\/span> <span class=\"html-span xdj266r x11i5rnm xat24cr x1mh8g0r xexx8yu x4uap5 x18d9i69 xkhd6sd x1hl2dhg x16tdsg8 x1vvkbs\"><a class=\"x1i10hfl xjbqb8w x1ejq31n xd10rxx x1sy0etr x17r0tee x972fbf xcfux6l x1qhh985 xm0m39n x9f619 x1ypdohk xt0psk2 xe8uvvx xdj266r x11i5rnm xat24cr x1mh8g0r xexx8yu x4uap5 x18d9i69 xkhd6sd x16tdsg8 x1hl2dhg xggy1nq x1a2a7pz x1sur9pj xkrqix3 x1fey0fg x1s688f\" tabindex=\"0\" role=\"link\" href=\"https:\/\/www.facebook.com\/hashtag\/abastecimentode%C3%A1gua?__eep__=6&amp;__cft__[0]=AZWZIQk16ofQHyN5K8zDvp6mun29cLMeqxVRJECldo2BHvtJfWM0cK3hzpc0q-fwTG_tnk-033IQLwTWtOZdW88ODFpDiwo3M-WSVVycRV7Qg79p9psF1h-gOirryPU9-mqU_6XO5A-WrTMtU-rugcHU2ZLAWR-dKMlmQgh1w0DsPNp18JTLkcC8__8ad8DJ9SE&amp;__tn__=*NK-R\">#AbastecimentoDe\u00c1gua<\/a><\/span> <span class=\"html-span xdj266r x11i5rnm xat24cr x1mh8g0r xexx8yu x4uap5 x18d9i69 xkhd6sd x1hl2dhg x16tdsg8 x1vvkbs\"><a class=\"x1i10hfl xjbqb8w x1ejq31n xd10rxx x1sy0etr x17r0tee x972fbf xcfux6l x1qhh985 xm0m39n x9f619 x1ypdohk xt0psk2 xe8uvvx xdj266r x11i5rnm xat24cr x1mh8g0r xexx8yu x4uap5 x18d9i69 xkhd6sd x16tdsg8 x1hl2dhg xggy1nq x1a2a7pz x1sur9pj xkrqix3 x1fey0fg x1s688f\" tabindex=\"0\" role=\"link\" href=\"https:\/\/www.facebook.com\/hashtag\/infraestrutura?__eep__=6&amp;__cft__[0]=AZWZIQk16ofQHyN5K8zDvp6mun29cLMeqxVRJECldo2BHvtJfWM0cK3hzpc0q-fwTG_tnk-033IQLwTWtOZdW88ODFpDiwo3M-WSVVycRV7Qg79p9psF1h-gOirryPU9-mqU_6XO5A-WrTMtU-rugcHU2ZLAWR-dKMlmQgh1w0DsPNp18JTLkcC8__8ad8DJ9SE&amp;__tn__=*NK-R\">#Infraestrutura<\/a><\/span><\/div>\n<\/div>\n","protected":false},"excerpt":{"rendered":"<p>Na manh\u00e3 deste s\u00e1bado, 11 de janeiro, nosso prefeito esteve [&hellip;]<\/p>\n","protected":false},"author":1,"featured_media":7857,"comment_status":"open","ping_status":"open","sticky":false,"template":"","format":"standard","meta":{"footnotes":""},"categories":[29],"tags":[],"class_list":["post-7852","post","type-post","status-publish","format-standard","has-post-thumbnail","hentry","category-noticias"],"_links":{"self":[{"href":"https:\/\/domvicoso.mg.gov.br\/v1\/wp-json\/wp\/v2\/posts\/7852","targetHints":{"allow":["GET"]}}],"collection":[{"href":"https:\/\/domvicoso.mg.gov.br\/v1\/wp-json\/wp\/v2\/posts"}],"about":[{"href":"https:\/\/domvicoso.mg.gov.br\/v1\/wp-json\/wp\/v2\/types\/post"}],"author":[{"embeddable":true,"href":"https:\/\/domvicoso.mg.gov.br\/v1\/wp-json\/wp\/v2\/users\/1"}],"replies":[{"embeddable":true,"href":"https:\/\/domvicoso.mg.gov.br\/v1\/wp-json\/wp\/v2\/comments?post=7852"}],"version-history":[{"count":1,"href":"https:\/\/domvicoso.mg.gov.br\/v1\/wp-json\/wp\/v2\/posts\/7852\/revisions"}],"predecessor-version":[{"id":7858,"href":"https:\/\/domvicoso.mg.gov.br\/v1\/wp-json\/wp\/v2\/posts\/7852\/revisions\/7858"}],"wp:featuredmedia":[{"embeddable":true,"href":"https:\/\/domvicoso.mg.gov.br\/v1\/wp-json\/wp\/v2\/media\/7857"}],"wp:attachment":[{"href":"https:\/\/domvicoso.mg.gov.br\/v1\/wp-json\/wp\/v2\/media?parent=7852"}],"wp:term":[{"taxonomy":"category","embeddable":true,"href":"https:\/\/domvicoso.mg.gov.br\/v1\/wp-json\/wp\/v2\/categories?post=7852"},{"taxonomy":"post_tag","embeddable":true,"href":"https:\/\/domvicoso.mg.gov.br\/v1\/wp-json\/wp\/v2\/tags?post=7852"}],"curies":[{"name":"wp","href":"https:\/\/api.w.org\/{rel}","templated":true}]}}