{"id":7862,"date":"2025-01-15T13:13:00","date_gmt":"2025-01-15T13:13:00","guid":{"rendered":"https:\/\/domvicoso.mg.gov.br\/v1\/?p=7862"},"modified":"2025-01-27T13:14:31","modified_gmt":"2025-01-27T13:14:31","slug":"7862-2","status":"publish","type":"post","link":"https:\/\/domvicoso.mg.gov.br\/v1\/7862-2\/","title":{"rendered":"Nesta quarta-feira, foi iniciada a limpeza, poda e capina pelo BAIRRO DO VI\u00c7OSO VELHO."},"content":{"rendered":"<div class=\"xdj266r x11i5rnm xat24cr x1mh8g0r x1vvkbs x126k92a\">\n<div dir=\"auto\">Nesta quarta-feira, foi iniciada a limpeza, poda e capina pelo BAIRRO DO VI\u00c7OSO VELHO.<\/div>\n<div dir=\"auto\">Nossas equipes seguir\u00e3o espalhadas em v\u00e1rias frentes com a miss\u00e3o de colocar a cidade e os bairros em ordem, fazendo a manuten\u00e7\u00e3o necess\u00e1ria.<\/div>\n<\/div>\n<div class=\"x11i5rnm xat24cr x1mh8g0r x1vvkbs xtlvy1s x126k92a\">\n<div dir=\"auto\"><span class=\"html-span xdj266r x11i5rnm xat24cr x1mh8g0r xexx8yu x4uap5 x18d9i69 xkhd6sd x1hl2dhg x16tdsg8 x1vvkbs\"><a class=\"x1i10hfl xjbqb8w x1ejq31n xd10rxx x1sy0etr x17r0tee x972fbf xcfux6l x1qhh985 xm0m39n x9f619 x1ypdohk xt0psk2 xe8uvvx xdj266r x11i5rnm xat24cr x1mh8g0r xexx8yu x4uap5 x18d9i69 xkhd6sd x16tdsg8 x1hl2dhg xggy1nq x1a2a7pz x1sur9pj xkrqix3 x1fey0fg x1s688f\" tabindex=\"0\" role=\"link\" href=\"https:\/\/www.facebook.com\/hashtag\/adm2025?__eep__=6&amp;__cft__[0]=AZWz2tNZ9y3whVzoczDC52L8sjSUbPysl8PpCLpd8CQVo3aR64IoqXDcPqcxvfWi7QKpr2Jr_wL1hQHJHjkkpE6xA6owzhuEGFUUH3nQMsItz-pu3Sa-QywMk5-ifpmCPO_PPnmGIlPNE33ppLIoa51PmOvdwBsYKXd9SXEmhQZO6rMIKgAdjLIAU0tK3wRPY4M&amp;__tn__=*NK-R\">#adm2025<\/a><\/span> <span class=\"html-span xdj266r x11i5rnm xat24cr x1mh8g0r xexx8yu x4uap5 x18d9i69 xkhd6sd x1hl2dhg x16tdsg8 x1vvkbs\"><a class=\"x1i10hfl xjbqb8w x1ejq31n xd10rxx x1sy0etr x17r0tee x972fbf xcfux6l x1qhh985 xm0m39n x9f619 x1ypdohk xt0psk2 xe8uvvx xdj266r x11i5rnm xat24cr x1mh8g0r xexx8yu x4uap5 x18d9i69 xkhd6sd x16tdsg8 x1hl2dhg xggy1nq x1a2a7pz x1sur9pj xkrqix3 x1fey0fg x1s688f\" tabindex=\"0\" role=\"link\" href=\"https:\/\/www.facebook.com\/hashtag\/prefeituramunicipaldv?__eep__=6&amp;__cft__[0]=AZWz2tNZ9y3whVzoczDC52L8sjSUbPysl8PpCLpd8CQVo3aR64IoqXDcPqcxvfWi7QKpr2Jr_wL1hQHJHjkkpE6xA6owzhuEGFUUH3nQMsItz-pu3Sa-QywMk5-ifpmCPO_PPnmGIlPNE33ppLIoa51PmOvdwBsYKXd9SXEmhQZO6rMIKgAdjLIAU0tK3wRPY4M&amp;__tn__=*NK-R\">#prefeituramunicipaldv<\/a><\/span> <span class=\"html-span xdj266r x11i5rnm xat24cr x1mh8g0r xexx8yu x4uap5 x18d9i69 xkhd6sd x1hl2dhg x16tdsg8 x1vvkbs\"><a class=\"x1i10hfl xjbqb8w x1ejq31n xd10rxx x1sy0etr x17r0tee x972fbf xcfux6l x1qhh985 xm0m39n x9f619 x1ypdohk xt0psk2 xe8uvvx xdj266r x11i5rnm xat24cr x1mh8g0r xexx8yu x4uap5 x18d9i69 xkhd6sd x16tdsg8 x1hl2dhg xggy1nq x1a2a7pz x1sur9pj xkrqix3 x1fey0fg x1s688f\" tabindex=\"0\" role=\"link\" href=\"https:\/\/www.facebook.com\/hashtag\/nossacidade?__eep__=6&amp;__cft__[0]=AZWz2tNZ9y3whVzoczDC52L8sjSUbPysl8PpCLpd8CQVo3aR64IoqXDcPqcxvfWi7QKpr2Jr_wL1hQHJHjkkpE6xA6owzhuEGFUUH3nQMsItz-pu3Sa-QywMk5-ifpmCPO_PPnmGIlPNE33ppLIoa51PmOvdwBsYKXd9SXEmhQZO6rMIKgAdjLIAU0tK3wRPY4M&amp;__tn__=*NK-R\">#nossacidade<\/a><\/span><\/div>\n<div dir=\"auto\"><span class=\"html-span xdj266r x11i5rnm xat24cr x1mh8g0r xexx8yu x4uap5 x18d9i69 xkhd6sd x1hl2dhg x16tdsg8 x1vvkbs\"><a class=\"x1i10hfl xjbqb8w x1ejq31n xd10rxx x1sy0etr x17r0tee x972fbf xcfux6l x1qhh985 xm0m39n x9f619 x1ypdohk xt0psk2 xe8uvvx xdj266r x11i5rnm xat24cr x1mh8g0r xexx8yu x4uap5 x18d9i69 xkhd6sd x16tdsg8 x1hl2dhg xggy1nq x1a2a7pz x1sur9pj xkrqix3 x1fey0fg x1s688f\" tabindex=\"0\" role=\"link\" href=\"https:\/\/www.facebook.com\/hashtag\/trabalhandoporvc?__eep__=6&amp;__cft__[0]=AZWz2tNZ9y3whVzoczDC52L8sjSUbPysl8PpCLpd8CQVo3aR64IoqXDcPqcxvfWi7QKpr2Jr_wL1hQHJHjkkpE6xA6owzhuEGFUUH3nQMsItz-pu3Sa-QywMk5-ifpmCPO_PPnmGIlPNE33ppLIoa51PmOvdwBsYKXd9SXEmhQZO6rMIKgAdjLIAU0tK3wRPY4M&amp;__tn__=*NK-R\">#trabalhandoporvc<\/a><\/span><\/div>\n<\/div>\n","protected":false},"excerpt":{"rendered":"<p>Nesta quarta-feira, foi iniciada a limpeza, poda e capina pelo [&hellip;]<\/p>\n","protected":false},"author":1,"featured_media":7867,"comment_status":"open","ping_status":"open","sticky":false,"template":"","format":"standard","meta":{"footnotes":""},"categories":[29],"tags":[],"class_list":["post-7862","post","type-post","status-publish","format-standard","has-post-thumbnail","hentry","category-noticias"],"_links":{"self":[{"href":"https:\/\/domvicoso.mg.gov.br\/v1\/wp-json\/wp\/v2\/posts\/7862","targetHints":{"allow":["GET"]}}],"collection":[{"href":"https:\/\/domvicoso.mg.gov.br\/v1\/wp-json\/wp\/v2\/posts"}],"about":[{"href":"https:\/\/domvicoso.mg.gov.br\/v1\/wp-json\/wp\/v2\/types\/post"}],"author":[{"embeddable":true,"href":"https:\/\/domvicoso.mg.gov.br\/v1\/wp-json\/wp\/v2\/users\/1"}],"replies":[{"embeddable":true,"href":"https:\/\/domvicoso.mg.gov.br\/v1\/wp-json\/wp\/v2\/comments?post=7862"}],"version-history":[{"count":2,"href":"https:\/\/domvicoso.mg.gov.br\/v1\/wp-json\/wp\/v2\/posts\/7862\/revisions"}],"predecessor-version":[{"id":7869,"href":"https:\/\/domvicoso.mg.gov.br\/v1\/wp-json\/wp\/v2\/posts\/7862\/revisions\/7869"}],"wp:featuredmedia":[{"embeddable":true,"href":"https:\/\/domvicoso.mg.gov.br\/v1\/wp-json\/wp\/v2\/media\/7867"}],"wp:attachment":[{"href":"https:\/\/domvicoso.mg.gov.br\/v1\/wp-json\/wp\/v2\/media?parent=7862"}],"wp:term":[{"taxonomy":"category","embeddable":true,"href":"https:\/\/domvicoso.mg.gov.br\/v1\/wp-json\/wp\/v2\/categories?post=7862"},{"taxonomy":"post_tag","embeddable":true,"href":"https:\/\/domvicoso.mg.gov.br\/v1\/wp-json\/wp\/v2\/tags?post=7862"}],"curies":[{"name":"wp","href":"https:\/\/api.w.org\/{rel}","templated":true}]}}