{"id":8011,"date":"2025-01-28T00:05:05","date_gmt":"2025-01-28T00:05:05","guid":{"rendered":"https:\/\/domvicoso.mg.gov.br\/v1\/?p=8011"},"modified":"2025-02-25T00:06:38","modified_gmt":"2025-02-25T00:06:38","slug":"reuniao-com-os-funcionarios-da-saude","status":"publish","type":"post","link":"https:\/\/domvicoso.mg.gov.br\/v1\/reuniao-com-os-funcionarios-da-saude\/","title":{"rendered":"Reuni\u00e3o com os funcion\u00e1rios da sa\u00fade."},"content":{"rendered":"<div dir=\"auto\">Aconteceu hoje, ter\u00e7a-feira (28\/01), uma reuni\u00e3o com os funcion\u00e1rios da sa\u00fade, para elabora\u00e7\u00e3o do plano de conting\u00eancia das arboviroses, em nosso munic\u00edpio.<\/div>\n<div dir=\"auto\">O objetivo do plano \u00e9 prevenir, preparar e responder a epidemias de arboviroses, como a dengue, a chikungunya e a zika.<\/div>\n<div dir=\"auto\">Tivemos a participa\u00e7\u00e3o do diretor municipal, enfermeira e coordenadora da APS, enfermeiras da UBS, coordenador da VISA, agentes de endemias e a assessora Geane.<\/div>\n","protected":false},"excerpt":{"rendered":"<p>Aconteceu hoje, ter\u00e7a-feira (28\/01), uma reuni\u00e3o com os funcion\u00e1rios da [&hellip;]<\/p>\n","protected":false},"author":1,"featured_media":8014,"comment_status":"open","ping_status":"open","sticky":false,"template":"","format":"standard","meta":{"footnotes":""},"categories":[29],"tags":[],"class_list":["post-8011","post","type-post","status-publish","format-standard","has-post-thumbnail","hentry","category-noticias"],"_links":{"self":[{"href":"https:\/\/domvicoso.mg.gov.br\/v1\/wp-json\/wp\/v2\/posts\/8011","targetHints":{"allow":["GET"]}}],"collection":[{"href":"https:\/\/domvicoso.mg.gov.br\/v1\/wp-json\/wp\/v2\/posts"}],"about":[{"href":"https:\/\/domvicoso.mg.gov.br\/v1\/wp-json\/wp\/v2\/types\/post"}],"author":[{"embeddable":true,"href":"https:\/\/domvicoso.mg.gov.br\/v1\/wp-json\/wp\/v2\/users\/1"}],"replies":[{"embeddable":true,"href":"https:\/\/domvicoso.mg.gov.br\/v1\/wp-json\/wp\/v2\/comments?post=8011"}],"version-history":[{"count":1,"href":"https:\/\/domvicoso.mg.gov.br\/v1\/wp-json\/wp\/v2\/posts\/8011\/revisions"}],"predecessor-version":[{"id":8015,"href":"https:\/\/domvicoso.mg.gov.br\/v1\/wp-json\/wp\/v2\/posts\/8011\/revisions\/8015"}],"wp:featuredmedia":[{"embeddable":true,"href":"https:\/\/domvicoso.mg.gov.br\/v1\/wp-json\/wp\/v2\/media\/8014"}],"wp:attachment":[{"href":"https:\/\/domvicoso.mg.gov.br\/v1\/wp-json\/wp\/v2\/media?parent=8011"}],"wp:term":[{"taxonomy":"category","embeddable":true,"href":"https:\/\/domvicoso.mg.gov.br\/v1\/wp-json\/wp\/v2\/categories?post=8011"},{"taxonomy":"post_tag","embeddable":true,"href":"https:\/\/domvicoso.mg.gov.br\/v1\/wp-json\/wp\/v2\/tags?post=8011"}],"curies":[{"name":"wp","href":"https:\/\/api.w.org\/{rel}","templated":true}]}}