{"id":8046,"date":"2025-02-06T00:15:10","date_gmt":"2025-02-06T00:15:10","guid":{"rendered":"https:\/\/domvicoso.mg.gov.br\/v1\/?p=8046"},"modified":"2025-02-25T00:15:40","modified_gmt":"2025-02-25T00:15:40","slug":"convite-especial-bencao-das-mochilas","status":"publish","type":"post","link":"https:\/\/domvicoso.mg.gov.br\/v1\/convite-especial-bencao-das-mochilas\/","title":{"rendered":"CONVITE ESPECIAL: BEN\u00c7\u00c3O DAS MOCHILAS"},"content":{"rendered":"<p>Queremos come\u00e7ar o ano letivo com muita f\u00e9 e boas energias! Convidamos todos os alunos, pais e professores para a Ben\u00e7\u00e3o das Mochilas e dos Professores, um momento de ora\u00e7\u00e3o e prote\u00e7\u00e3o para este novo ciclo.<\/p>\n","protected":false},"excerpt":{"rendered":"<p>Queremos come\u00e7ar o ano letivo com muita f\u00e9 e boas [&hellip;]<\/p>\n","protected":false},"author":1,"featured_media":8047,"comment_status":"open","ping_status":"open","sticky":false,"template":"","format":"standard","meta":{"footnotes":""},"categories":[29],"tags":[],"class_list":["post-8046","post","type-post","status-publish","format-standard","has-post-thumbnail","hentry","category-noticias"],"_links":{"self":[{"href":"https:\/\/domvicoso.mg.gov.br\/v1\/wp-json\/wp\/v2\/posts\/8046","targetHints":{"allow":["GET"]}}],"collection":[{"href":"https:\/\/domvicoso.mg.gov.br\/v1\/wp-json\/wp\/v2\/posts"}],"about":[{"href":"https:\/\/domvicoso.mg.gov.br\/v1\/wp-json\/wp\/v2\/types\/post"}],"author":[{"embeddable":true,"href":"https:\/\/domvicoso.mg.gov.br\/v1\/wp-json\/wp\/v2\/users\/1"}],"replies":[{"embeddable":true,"href":"https:\/\/domvicoso.mg.gov.br\/v1\/wp-json\/wp\/v2\/comments?post=8046"}],"version-history":[{"count":1,"href":"https:\/\/domvicoso.mg.gov.br\/v1\/wp-json\/wp\/v2\/posts\/8046\/revisions"}],"predecessor-version":[{"id":8048,"href":"https:\/\/domvicoso.mg.gov.br\/v1\/wp-json\/wp\/v2\/posts\/8046\/revisions\/8048"}],"wp:featuredmedia":[{"embeddable":true,"href":"https:\/\/domvicoso.mg.gov.br\/v1\/wp-json\/wp\/v2\/media\/8047"}],"wp:attachment":[{"href":"https:\/\/domvicoso.mg.gov.br\/v1\/wp-json\/wp\/v2\/media?parent=8046"}],"wp:term":[{"taxonomy":"category","embeddable":true,"href":"https:\/\/domvicoso.mg.gov.br\/v1\/wp-json\/wp\/v2\/categories?post=8046"},{"taxonomy":"post_tag","embeddable":true,"href":"https:\/\/domvicoso.mg.gov.br\/v1\/wp-json\/wp\/v2\/tags?post=8046"}],"curies":[{"name":"wp","href":"https:\/\/api.w.org\/{rel}","templated":true}]}}