{"id":8083,"date":"2025-02-11T00:22:57","date_gmt":"2025-02-11T00:22:57","guid":{"rendered":"https:\/\/domvicoso.mg.gov.br\/v1\/?p=8083"},"modified":"2025-02-25T00:23:52","modified_gmt":"2025-02-25T00:23:52","slug":"%e2%9a%bd-retorno-aos-treinos-de-futsal-%e2%9a%bd","status":"publish","type":"post","link":"https:\/\/domvicoso.mg.gov.br\/v1\/%e2%9a%bd-retorno-aos-treinos-de-futsal-%e2%9a%bd\/","title":{"rendered":"\u26bd RETORNO AOS TREINOS DE FUTSAL \u26bd"},"content":{"rendered":"<div class=\"x11i5rnm xat24cr x1mh8g0r x1vvkbs xtlvy1s x126k92a\">\n<div dir=\"auto\">O dia t\u00e3o esperado chegou! O retorno aos treinos de futsal ser\u00e1 na quinta-feira (13\/02)e estamos muito animados para receber todos os atletas, feminino e masculino, do sub 7 ao sub 17!<\/div>\n<div dir=\"auto\">Na pr\u00f3xima semana, iniciaremos tamb\u00e9m, o treino para crian\u00e7as de 03 a 05 anos e para goleiros de todas as idades.<\/div>\n<\/div>\n<div class=\"x11i5rnm xat24cr x1mh8g0r x1vvkbs xtlvy1s x126k92a\">\n<div dir=\"auto\">O nosso treinador, Nathan, ser\u00e1 o respons\u00e1vel por todos os treinos e est\u00e1 pronto para ajudar cada um a evoluir, aprender e se divertir nesta nova temporada. Vamos come\u00e7ar com muita energia, foco e alegria!<\/div>\n<\/div>\n<div class=\"x11i5rnm xat24cr x1mh8g0r x1vvkbs xtlvy1s x126k92a\">\n<div dir=\"auto\">Aos pais e respons\u00e1veis, agradecemos pelo apoio e pela parceria. Juntos, faremos deste ano um grande sucesso de aprendizado e evolu\u00e7\u00e3o para todos.<\/div>\n<\/div>\n<div class=\"x11i5rnm xat24cr x1mh8g0r x1vvkbs xtlvy1s x126k92a\">\n<div dir=\"auto\">Sejam bem-vindos de volta, atletas! Estamos ansiosos para ver todos, superando desafios e alcan\u00e7ando novos objetivos!<\/div>\n<\/div>\n<div class=\"x11i5rnm xat24cr x1mh8g0r x1vvkbs xtlvy1s x126k92a\">\n<div dir=\"auto\"><span class=\"html-span xexx8yu x4uap5 x18d9i69 xkhd6sd x1hl2dhg x16tdsg8 x1vvkbs x3nfvp2 x1j61x8r x1fcty0u xdj266r xat24cr xgzva0m xhhsvwb xxymvpz xlup9mm x1kky2od\"><img decoding=\"async\" class=\"lazyload xz74otr\" src=\"data:image\/svg+xml,%3Csvg%20xmlns%3D%27http%3A%2F%2Fwww.w3.org%2F2000%2Fsvg%27%20width%3D%2716%27%20height%3D%2716%27%20viewBox%3D%270%200%2016%2016%27%3E%3Crect%20width%3D%2716%27%20height%3D%2716%27%20fill-opacity%3D%220%22%2F%3E%3C%2Fsvg%3E\" data-orig-src=\"https:\/\/static.xx.fbcdn.net\/images\/emoji.php\/v9\/t22\/1\/16\/260e.png\" alt=\"\u260e\ufe0f\" width=\"16\" height=\"16\" \/><\/span>Para mais informa\u00e7\u00f5es, entre em contato no WhatsApp: (35) 99821-3922<\/div>\n<\/div>\n<div class=\"x11i5rnm xat24cr x1mh8g0r x1vvkbs xtlvy1s x126k92a\">\n<div dir=\"auto\"><span class=\"html-span xexx8yu x4uap5 x18d9i69 xkhd6sd x1hl2dhg x16tdsg8 x1vvkbs x3nfvp2 x1j61x8r x1fcty0u xdj266r xat24cr xgzva0m xhhsvwb xxymvpz xlup9mm x1kky2od\"><img decoding=\"async\" class=\"lazyload xz74otr\" src=\"data:image\/svg+xml,%3Csvg%20xmlns%3D%27http%3A%2F%2Fwww.w3.org%2F2000%2Fsvg%27%20width%3D%2716%27%20height%3D%2716%27%20viewBox%3D%270%200%2016%2016%27%3E%3Crect%20width%3D%2716%27%20height%3D%2716%27%20fill-opacity%3D%220%22%2F%3E%3C%2Fsvg%3E\" data-orig-src=\"https:\/\/static.xx.fbcdn.net\/images\/emoji.php\/v9\/t1b\/1\/16\/1f53a.png\" alt=\"\" width=\"16\" height=\"16\" \/><\/span> Atletas dos bairros, que ir\u00e3o treinar pela manh\u00e3, vir\u00e3o com os alunos que vem pra escola, com retorno ap\u00f3s o \u00faltimo treino, com t\u00e9rmino por volta das 10:00h.<\/div>\n<\/div>\n<div class=\"x11i5rnm xat24cr x1mh8g0r x1vvkbs xtlvy1s x126k92a\">\n<div dir=\"auto\"><span class=\"html-span xexx8yu x4uap5 x18d9i69 xkhd6sd x1hl2dhg x16tdsg8 x1vvkbs x3nfvp2 x1j61x8r x1fcty0u xdj266r xat24cr xgzva0m xhhsvwb xxymvpz xlup9mm x1kky2od\"><img decoding=\"async\" class=\"lazyload xz74otr\" src=\"data:image\/svg+xml,%3Csvg%20xmlns%3D%27http%3A%2F%2Fwww.w3.org%2F2000%2Fsvg%27%20width%3D%2716%27%20height%3D%2716%27%20viewBox%3D%270%200%2016%2016%27%3E%3Crect%20width%3D%2716%27%20height%3D%2716%27%20fill-opacity%3D%220%22%2F%3E%3C%2Fsvg%3E\" data-orig-src=\"https:\/\/static.xx.fbcdn.net\/images\/emoji.php\/v9\/t1b\/1\/16\/1f53a.png\" alt=\"\" width=\"16\" height=\"16\" \/><\/span> Atletas dos bairros, que ir\u00e3o treinar a tarde, o \u00f4nibus ir\u00e1 buscar os atletas \u00e0s 12:20h e trazendo para o treino, retorno ap\u00f3s o t\u00e9rmino da escola.<\/div>\n<\/div>\n<div class=\"x11i5rnm xat24cr x1mh8g0r x1vvkbs xtlvy1s x126k92a\">\n<div dir=\"auto\"><span class=\"html-span xdj266r x11i5rnm xat24cr x1mh8g0r xexx8yu x4uap5 x18d9i69 xkhd6sd x1hl2dhg x16tdsg8 x1vvkbs\"><a class=\"x1i10hfl xjbqb8w x1ejq31n xd10rxx x1sy0etr x17r0tee x972fbf xcfux6l x1qhh985 xm0m39n x9f619 x1ypdohk xt0psk2 xe8uvvx xdj266r x11i5rnm xat24cr x1mh8g0r xexx8yu x4uap5 x18d9i69 xkhd6sd x16tdsg8 x1hl2dhg xggy1nq x1a2a7pz x1sur9pj xkrqix3 x1fey0fg x1s688f\" tabindex=\"0\" role=\"link\" href=\"https:\/\/www.facebook.com\/hashtag\/adm2025?__eep__=6&amp;__cft__[0]=AZV2gqlnjMNUdWaFHkHhoXYim-RVaObgzr4qTZmNLo57fpulyXT9whRvs1SmBRrU8M54MTs2VBJ62lzsOXI4_KJKJzAjpAZbB_yWV_4add7e9_dBluOxFmqaKxeiP8iLT1bc7syC4WDHtl9l-3guYqRzcl_9ddLmGev5z_Zqm4EHlon-X38JC5ZS7lDxaKCJ2T4&amp;__tn__=*NK-R\">#adm2025<\/a><\/span> <span class=\"html-span xdj266r x11i5rnm xat24cr x1mh8g0r xexx8yu x4uap5 x18d9i69 xkhd6sd x1hl2dhg x16tdsg8 x1vvkbs\"><a class=\"x1i10hfl xjbqb8w x1ejq31n xd10rxx x1sy0etr x17r0tee x972fbf xcfux6l x1qhh985 xm0m39n x9f619 x1ypdohk xt0psk2 xe8uvvx xdj266r x11i5rnm xat24cr x1mh8g0r xexx8yu x4uap5 x18d9i69 xkhd6sd x16tdsg8 x1hl2dhg xggy1nq x1a2a7pz x1sur9pj xkrqix3 x1fey0fg x1s688f\" tabindex=\"0\" role=\"link\" href=\"https:\/\/www.facebook.com\/hashtag\/esporte?__eep__=6&amp;__cft__[0]=AZV2gqlnjMNUdWaFHkHhoXYim-RVaObgzr4qTZmNLo57fpulyXT9whRvs1SmBRrU8M54MTs2VBJ62lzsOXI4_KJKJzAjpAZbB_yWV_4add7e9_dBluOxFmqaKxeiP8iLT1bc7syC4WDHtl9l-3guYqRzcl_9ddLmGev5z_Zqm4EHlon-X38JC5ZS7lDxaKCJ2T4&amp;__tn__=*NK-R\">#esporte<\/a><\/span> <span class=\"html-span xdj266r x11i5rnm xat24cr x1mh8g0r xexx8yu x4uap5 x18d9i69 xkhd6sd x1hl2dhg x16tdsg8 x1vvkbs\"><a class=\"x1i10hfl xjbqb8w x1ejq31n xd10rxx x1sy0etr x17r0tee x972fbf xcfux6l x1qhh985 xm0m39n x9f619 x1ypdohk xt0psk2 xe8uvvx xdj266r x11i5rnm xat24cr x1mh8g0r xexx8yu x4uap5 x18d9i69 xkhd6sd x16tdsg8 x1hl2dhg xggy1nq x1a2a7pz x1sur9pj xkrqix3 x1fey0fg x1s688f\" tabindex=\"0\" role=\"link\" href=\"https:\/\/www.facebook.com\/hashtag\/prefeituramunicipaldedomvicoso?__eep__=6&amp;__cft__[0]=AZV2gqlnjMNUdWaFHkHhoXYim-RVaObgzr4qTZmNLo57fpulyXT9whRvs1SmBRrU8M54MTs2VBJ62lzsOXI4_KJKJzAjpAZbB_yWV_4add7e9_dBluOxFmqaKxeiP8iLT1bc7syC4WDHtl9l-3guYqRzcl_9ddLmGev5z_Zqm4EHlon-X38JC5ZS7lDxaKCJ2T4&amp;__tn__=*NK-R\">#prefeituramunicipaldedomvicoso<\/a><\/span><\/div>\n<\/div>\n","protected":false},"excerpt":{"rendered":"<p>O dia t\u00e3o esperado chegou! O retorno aos treinos de [&hellip;]<\/p>\n","protected":false},"author":1,"featured_media":8085,"comment_status":"open","ping_status":"open","sticky":false,"template":"","format":"standard","meta":{"footnotes":""},"categories":[29],"tags":[],"class_list":["post-8083","post","type-post","status-publish","format-standard","has-post-thumbnail","hentry","category-noticias"],"_links":{"self":[{"href":"https:\/\/domvicoso.mg.gov.br\/v1\/wp-json\/wp\/v2\/posts\/8083","targetHints":{"allow":["GET"]}}],"collection":[{"href":"https:\/\/domvicoso.mg.gov.br\/v1\/wp-json\/wp\/v2\/posts"}],"about":[{"href":"https:\/\/domvicoso.mg.gov.br\/v1\/wp-json\/wp\/v2\/types\/post"}],"author":[{"embeddable":true,"href":"https:\/\/domvicoso.mg.gov.br\/v1\/wp-json\/wp\/v2\/users\/1"}],"replies":[{"embeddable":true,"href":"https:\/\/domvicoso.mg.gov.br\/v1\/wp-json\/wp\/v2\/comments?post=8083"}],"version-history":[{"count":1,"href":"https:\/\/domvicoso.mg.gov.br\/v1\/wp-json\/wp\/v2\/posts\/8083\/revisions"}],"predecessor-version":[{"id":8086,"href":"https:\/\/domvicoso.mg.gov.br\/v1\/wp-json\/wp\/v2\/posts\/8083\/revisions\/8086"}],"wp:featuredmedia":[{"embeddable":true,"href":"https:\/\/domvicoso.mg.gov.br\/v1\/wp-json\/wp\/v2\/media\/8085"}],"wp:attachment":[{"href":"https:\/\/domvicoso.mg.gov.br\/v1\/wp-json\/wp\/v2\/media?parent=8083"}],"wp:term":[{"taxonomy":"category","embeddable":true,"href":"https:\/\/domvicoso.mg.gov.br\/v1\/wp-json\/wp\/v2\/categories?post=8083"},{"taxonomy":"post_tag","embeddable":true,"href":"https:\/\/domvicoso.mg.gov.br\/v1\/wp-json\/wp\/v2\/tags?post=8083"}],"curies":[{"name":"wp","href":"https:\/\/api.w.org\/{rel}","templated":true}]}}