{"id":8116,"date":"2025-02-22T00:31:18","date_gmt":"2025-02-22T00:31:18","guid":{"rendered":"https:\/\/domvicoso.mg.gov.br\/v1\/?p=8116"},"modified":"2025-02-25T00:31:39","modified_gmt":"2025-02-25T00:31:39","slug":"nota-de-esclarecimento","status":"publish","type":"post","link":"https:\/\/domvicoso.mg.gov.br\/v1\/nota-de-esclarecimento\/","title":{"rendered":"NOTA DE ESCLARECIMENTO"},"content":{"rendered":"<div class=\"x11i5rnm xat24cr x1mh8g0r x1vvkbs xtlvy1s x126k92a\">\n<div dir=\"auto\">A PREFEITURA MUNICIPAL DE DOM VI\u00c7OSO, tomou conhecimento em janeiro de 2025 de uma investiga\u00e7\u00e3o proposta pelo Minist\u00e9rio P\u00fablico, visando a interdi\u00e7\u00e3o total da cl\u00ednica Recanto da Felicidade ou\/Asilo Bom Lar, localizada em Dom Vi\u00e7oso\/MG.<\/div>\n<div dir=\"auto\">Diante dos fatos e ap\u00f3s diversas dilig\u00eancias o Minist\u00e9rio P\u00fablico, ajuizou A\u00e7\u00e3o Civil P\u00fablica de Obriga\u00e7\u00e3o de Fazer n\u00ba 5000227-56.2025.8.13.0141 ao argumento de afronta a dignidade da pessoa humana.<\/div>\n<div dir=\"auto\">O Merit\u00edssimo Juiz acolheu os argumentos apresentados pela Promotoria e prontamente oficiou o Munic\u00edpio de Dom Vi\u00e7oso\/MG, para tomar medidas cab\u00edveis de precau\u00e7\u00e3o e remo\u00e7\u00e3o dos internos.<\/div>\n<div dir=\"auto\">A Prefeitura esclarece que inexiste qualquer decis\u00e3o discricion\u00e1rio do Munic\u00edpio de Dom Vi\u00e7oso em rela\u00e7\u00e3o ao ocorrido.<\/div>\n<div dir=\"auto\">Ademais, refor\u00e7amos que n\u00e3o apoiamos qualquer conduta ilegal. Outrossim, adotaremos todas as medidas legais cab\u00edveis para esclarecimento de todos os fatos divulgados, a fim de agir com firmeza, sobriedade para que a verdade e a justi\u00e7a prevale\u00e7am.<\/div>\n<\/div>\n<div class=\"x11i5rnm xat24cr x1mh8g0r x1vvkbs xtlvy1s x126k92a\">\n<div dir=\"auto\">A Dire\u00e7\u00e3o de Sa\u00fade e Assist\u00eancia Social de Dom Vi\u00e7oso\/MG.<\/div>\n<\/div>\n","protected":false},"excerpt":{"rendered":"<p>A PREFEITURA MUNICIPAL DE DOM VI\u00c7OSO, tomou conhecimento em janeiro [&hellip;]<\/p>\n","protected":false},"author":1,"featured_media":0,"comment_status":"open","ping_status":"open","sticky":false,"template":"","format":"standard","meta":{"footnotes":""},"categories":[29],"tags":[],"class_list":["post-8116","post","type-post","status-publish","format-standard","hentry","category-noticias"],"_links":{"self":[{"href":"https:\/\/domvicoso.mg.gov.br\/v1\/wp-json\/wp\/v2\/posts\/8116","targetHints":{"allow":["GET"]}}],"collection":[{"href":"https:\/\/domvicoso.mg.gov.br\/v1\/wp-json\/wp\/v2\/posts"}],"about":[{"href":"https:\/\/domvicoso.mg.gov.br\/v1\/wp-json\/wp\/v2\/types\/post"}],"author":[{"embeddable":true,"href":"https:\/\/domvicoso.mg.gov.br\/v1\/wp-json\/wp\/v2\/users\/1"}],"replies":[{"embeddable":true,"href":"https:\/\/domvicoso.mg.gov.br\/v1\/wp-json\/wp\/v2\/comments?post=8116"}],"version-history":[{"count":1,"href":"https:\/\/domvicoso.mg.gov.br\/v1\/wp-json\/wp\/v2\/posts\/8116\/revisions"}],"predecessor-version":[{"id":8117,"href":"https:\/\/domvicoso.mg.gov.br\/v1\/wp-json\/wp\/v2\/posts\/8116\/revisions\/8117"}],"wp:attachment":[{"href":"https:\/\/domvicoso.mg.gov.br\/v1\/wp-json\/wp\/v2\/media?parent=8116"}],"wp:term":[{"taxonomy":"category","embeddable":true,"href":"https:\/\/domvicoso.mg.gov.br\/v1\/wp-json\/wp\/v2\/categories?post=8116"},{"taxonomy":"post_tag","embeddable":true,"href":"https:\/\/domvicoso.mg.gov.br\/v1\/wp-json\/wp\/v2\/tags?post=8116"}],"curies":[{"name":"wp","href":"https:\/\/api.w.org\/{rel}","templated":true}]}}