{"id":8407,"date":"2025-04-02T01:01:45","date_gmt":"2025-04-02T01:01:45","guid":{"rendered":"https:\/\/domvicoso.mg.gov.br\/v1\/?p=8407"},"modified":"2025-05-08T01:02:37","modified_gmt":"2025-05-08T01:02:37","slug":"convite-para-reuniao-sobre-o-turismo-de-dom-vicoso","status":"publish","type":"post","link":"https:\/\/domvicoso.mg.gov.br\/v1\/convite-para-reuniao-sobre-o-turismo-de-dom-vicoso\/","title":{"rendered":"Convite para Reuni\u00e3o sobre o Turismo de Dom Vi\u00e7oso"},"content":{"rendered":"<p>A Secretaria de Cultura e Turismo de Dom Vi\u00e7oso, em parceria com o COMTUR e com o apoio da Prefeitura Municipal, convida todos os interessados no desenvolvimento tur\u00edstico da nossa cidade para uma reuni\u00e3o especial.<br class=\"html-br\" \/><br class=\"html-br\" \/>Nesta ocasi\u00e3o, realizaremos o cadastro de empresas j\u00e1 formalizadas e ofereceremos suporte para aqueles que desejam regularizar ou concluir seus projetos. Nosso objetivo \u00e9 incluir todos no Mapa Tur\u00edstico e viabilizar o credenciamento no CADASTUR, fortalecendo o turismo local e colocando Dom Vi\u00e7oso em destaque.<br class=\"html-br\" \/><br class=\"html-br\" \/>Participe e fa\u00e7a parte desse crescimento!<\/p>\n","protected":false},"excerpt":{"rendered":"<p>A Secretaria de Cultura e Turismo de Dom Vi\u00e7oso, em [&hellip;]<\/p>\n","protected":false},"author":1,"featured_media":8408,"comment_status":"open","ping_status":"open","sticky":false,"template":"","format":"standard","meta":{"footnotes":""},"categories":[29],"tags":[],"class_list":["post-8407","post","type-post","status-publish","format-standard","has-post-thumbnail","hentry","category-noticias"],"_links":{"self":[{"href":"https:\/\/domvicoso.mg.gov.br\/v1\/wp-json\/wp\/v2\/posts\/8407","targetHints":{"allow":["GET"]}}],"collection":[{"href":"https:\/\/domvicoso.mg.gov.br\/v1\/wp-json\/wp\/v2\/posts"}],"about":[{"href":"https:\/\/domvicoso.mg.gov.br\/v1\/wp-json\/wp\/v2\/types\/post"}],"author":[{"embeddable":true,"href":"https:\/\/domvicoso.mg.gov.br\/v1\/wp-json\/wp\/v2\/users\/1"}],"replies":[{"embeddable":true,"href":"https:\/\/domvicoso.mg.gov.br\/v1\/wp-json\/wp\/v2\/comments?post=8407"}],"version-history":[{"count":1,"href":"https:\/\/domvicoso.mg.gov.br\/v1\/wp-json\/wp\/v2\/posts\/8407\/revisions"}],"predecessor-version":[{"id":8409,"href":"https:\/\/domvicoso.mg.gov.br\/v1\/wp-json\/wp\/v2\/posts\/8407\/revisions\/8409"}],"wp:featuredmedia":[{"embeddable":true,"href":"https:\/\/domvicoso.mg.gov.br\/v1\/wp-json\/wp\/v2\/media\/8408"}],"wp:attachment":[{"href":"https:\/\/domvicoso.mg.gov.br\/v1\/wp-json\/wp\/v2\/media?parent=8407"}],"wp:term":[{"taxonomy":"category","embeddable":true,"href":"https:\/\/domvicoso.mg.gov.br\/v1\/wp-json\/wp\/v2\/categories?post=8407"},{"taxonomy":"post_tag","embeddable":true,"href":"https:\/\/domvicoso.mg.gov.br\/v1\/wp-json\/wp\/v2\/tags?post=8407"}],"curies":[{"name":"wp","href":"https:\/\/api.w.org\/{rel}","templated":true}]}}