{"id":8421,"date":"2025-04-05T01:13:43","date_gmt":"2025-04-05T01:13:43","guid":{"rendered":"https:\/\/domvicoso.mg.gov.br\/v1\/?p=8421"},"modified":"2025-05-08T01:14:33","modified_gmt":"2025-05-08T01:14:33","slug":"abril-e-o-mes-de-conscientizacao-do-autismo","status":"publish","type":"post","link":"https:\/\/domvicoso.mg.gov.br\/v1\/abril-e-o-mes-de-conscientizacao-do-autismo\/","title":{"rendered":"Abril \u00e9 o M\u00eas de Conscientiza\u00e7\u00e3o do Autismo!"},"content":{"rendered":"<div class=\"x11i5rnm xat24cr x1mh8g0r x1vvkbs xtlvy1s x126k92a\">\n<div dir=\"auto\">A Secretaria Municipal de Sa\u00fade de Dom Vi\u00e7oso apoia essa causa t\u00e3o importante e refor\u00e7a o compromisso com a inclus\u00e3o, o respeito e a compreens\u00e3o das pessoas com Transtorno do Espectro Autista (TEA).<\/div>\n<\/div>\n<div class=\"x11i5rnm xat24cr x1mh8g0r x1vvkbs xtlvy1s x126k92a\">\n<div dir=\"auto\">Nosso objetivo \u00e9:<\/div>\n<div dir=\"auto\">\u2022 Promover a aceita\u00e7\u00e3o e o entendimento sobre o autismo.<\/div>\n<div dir=\"auto\">\u2022 Combater estere\u00f3tipos e espalhar informa\u00e7\u00e3o de qualidade.<\/div>\n<div dir=\"auto\">\u2022 Valorizar a diversidade e as necessidades \u00fanicas de cada pessoa autista.<\/div>\n<div dir=\"auto\">\u2022 Incentivar ambientes mais acolhedores e acess\u00edveis.<\/div>\n<\/div>\n<div class=\"x11i5rnm xat24cr x1mh8g0r x1vvkbs xtlvy1s x126k92a\">\n<div dir=\"auto\">Juntos, podemos construir uma sociedade mais justa, inclusiva e respeitosa!<\/div>\n<\/div>\n<div class=\"x11i5rnm xat24cr x1mh8g0r x1vvkbs xtlvy1s x126k92a\">\n<div dir=\"auto\"><span class=\"html-span xdj266r x11i5rnm xat24cr x1mh8g0r xexx8yu x4uap5 x18d9i69 xkhd6sd x1hl2dhg x16tdsg8 x1vvkbs\"><a class=\"x1i10hfl xjbqb8w x1ejq31n xd10rxx x1sy0etr x17r0tee x972fbf xcfux6l x1qhh985 xm0m39n x9f619 x1ypdohk xt0psk2 xe8uvvx xdj266r x11i5rnm xat24cr x1mh8g0r xexx8yu x4uap5 x18d9i69 xkhd6sd x16tdsg8 x1hl2dhg xggy1nq x1a2a7pz xkrqix3 x1sur9pj x1fey0fg x1s688f\" tabindex=\"0\" role=\"link\" href=\"https:\/\/www.facebook.com\/hashtag\/autismo?__eep__=6&amp;__cft__[0]=AZUhk2qCnPlxLaT6JMK3HARZtSVo1heKZC9UIghXVIHRwHFSiaENROJjQs5E1xaXfiJFOdnpsFgoxrIiIKgw2NMKdy63beK0e6l4h9tACK77c7sjdLYjTnd8STtci9ADveuyvW7O0sWcU3_sIJVYTiDh&amp;__tn__=*NK-R\">#Autismo<\/a><\/span> <span class=\"html-span xdj266r x11i5rnm xat24cr x1mh8g0r xexx8yu x4uap5 x18d9i69 xkhd6sd x1hl2dhg x16tdsg8 x1vvkbs\"><a class=\"x1i10hfl xjbqb8w x1ejq31n xd10rxx x1sy0etr x17r0tee x972fbf xcfux6l x1qhh985 xm0m39n x9f619 x1ypdohk xt0psk2 xe8uvvx xdj266r x11i5rnm xat24cr x1mh8g0r xexx8yu x4uap5 x18d9i69 xkhd6sd x16tdsg8 x1hl2dhg xggy1nq x1a2a7pz xkrqix3 x1sur9pj x1fey0fg x1s688f\" tabindex=\"0\" role=\"link\" href=\"https:\/\/www.facebook.com\/hashtag\/conscientiza%C3%A7%C3%A3o?__eep__=6&amp;__cft__[0]=AZUhk2qCnPlxLaT6JMK3HARZtSVo1heKZC9UIghXVIHRwHFSiaENROJjQs5E1xaXfiJFOdnpsFgoxrIiIKgw2NMKdy63beK0e6l4h9tACK77c7sjdLYjTnd8STtci9ADveuyvW7O0sWcU3_sIJVYTiDh&amp;__tn__=*NK-R\">#Conscientiza\u00e7\u00e3o<\/a><\/span> <span class=\"html-span xdj266r x11i5rnm xat24cr x1mh8g0r xexx8yu x4uap5 x18d9i69 xkhd6sd x1hl2dhg x16tdsg8 x1vvkbs\"><a class=\"x1i10hfl xjbqb8w x1ejq31n xd10rxx x1sy0etr x17r0tee x972fbf xcfux6l x1qhh985 xm0m39n x9f619 x1ypdohk xt0psk2 xe8uvvx xdj266r x11i5rnm xat24cr x1mh8g0r xexx8yu x4uap5 x18d9i69 xkhd6sd x16tdsg8 x1hl2dhg xggy1nq x1a2a7pz xkrqix3 x1sur9pj x1fey0fg x1s688f\" tabindex=\"0\" role=\"link\" href=\"https:\/\/www.facebook.com\/hashtag\/inclus%C3%A3o?__eep__=6&amp;__cft__[0]=AZUhk2qCnPlxLaT6JMK3HARZtSVo1heKZC9UIghXVIHRwHFSiaENROJjQs5E1xaXfiJFOdnpsFgoxrIiIKgw2NMKdy63beK0e6l4h9tACK77c7sjdLYjTnd8STtci9ADveuyvW7O0sWcU3_sIJVYTiDh&amp;__tn__=*NK-R\">#Inclus\u00e3o<\/a><\/span> <span class=\"html-span xdj266r x11i5rnm xat24cr x1mh8g0r xexx8yu x4uap5 x18d9i69 xkhd6sd x1hl2dhg x16tdsg8 x1vvkbs\"><a class=\"x1i10hfl xjbqb8w x1ejq31n xd10rxx x1sy0etr x17r0tee x972fbf xcfux6l x1qhh985 xm0m39n x9f619 x1ypdohk xt0psk2 xe8uvvx xdj266r x11i5rnm xat24cr x1mh8g0r xexx8yu x4uap5 x18d9i69 xkhd6sd x16tdsg8 x1hl2dhg xggy1nq x1a2a7pz xkrqix3 x1sur9pj x1fey0fg x1s688f\" tabindex=\"0\" role=\"link\" href=\"https:\/\/www.facebook.com\/hashtag\/sa%C3%BAdedomvi%C3%A7oso?__eep__=6&amp;__cft__[0]=AZUhk2qCnPlxLaT6JMK3HARZtSVo1heKZC9UIghXVIHRwHFSiaENROJjQs5E1xaXfiJFOdnpsFgoxrIiIKgw2NMKdy63beK0e6l4h9tACK77c7sjdLYjTnd8STtci9ADveuyvW7O0sWcU3_sIJVYTiDh&amp;__tn__=*NK-R\">#Sa\u00fadeDomVi\u00e7oso<\/a><\/span> <span class=\"html-span xdj266r x11i5rnm xat24cr x1mh8g0r xexx8yu x4uap5 x18d9i69 xkhd6sd x1hl2dhg x16tdsg8 x1vvkbs\"><a class=\"x1i10hfl xjbqb8w x1ejq31n xd10rxx x1sy0etr x17r0tee x972fbf xcfux6l x1qhh985 xm0m39n x9f619 x1ypdohk xt0psk2 xe8uvvx xdj266r x11i5rnm xat24cr x1mh8g0r xexx8yu x4uap5 x18d9i69 xkhd6sd x16tdsg8 x1hl2dhg xggy1nq x1a2a7pz xkrqix3 x1sur9pj x1fey0fg x1s688f\" tabindex=\"0\" role=\"link\" href=\"https:\/\/www.facebook.com\/hashtag\/abrilazul?__eep__=6&amp;__cft__[0]=AZUhk2qCnPlxLaT6JMK3HARZtSVo1heKZC9UIghXVIHRwHFSiaENROJjQs5E1xaXfiJFOdnpsFgoxrIiIKgw2NMKdy63beK0e6l4h9tACK77c7sjdLYjTnd8STtci9ADveuyvW7O0sWcU3_sIJVYTiDh&amp;__tn__=*NK-R\">#AbrilAzul<\/a><\/span><\/div>\n<\/div>\n","protected":false},"excerpt":{"rendered":"<p>A Secretaria Municipal de Sa\u00fade de Dom Vi\u00e7oso apoia essa [&hellip;]<\/p>\n","protected":false},"author":1,"featured_media":8422,"comment_status":"open","ping_status":"open","sticky":false,"template":"","format":"standard","meta":{"footnotes":""},"categories":[29],"tags":[],"class_list":["post-8421","post","type-post","status-publish","format-standard","has-post-thumbnail","hentry","category-noticias"],"_links":{"self":[{"href":"https:\/\/domvicoso.mg.gov.br\/v1\/wp-json\/wp\/v2\/posts\/8421","targetHints":{"allow":["GET"]}}],"collection":[{"href":"https:\/\/domvicoso.mg.gov.br\/v1\/wp-json\/wp\/v2\/posts"}],"about":[{"href":"https:\/\/domvicoso.mg.gov.br\/v1\/wp-json\/wp\/v2\/types\/post"}],"author":[{"embeddable":true,"href":"https:\/\/domvicoso.mg.gov.br\/v1\/wp-json\/wp\/v2\/users\/1"}],"replies":[{"embeddable":true,"href":"https:\/\/domvicoso.mg.gov.br\/v1\/wp-json\/wp\/v2\/comments?post=8421"}],"version-history":[{"count":1,"href":"https:\/\/domvicoso.mg.gov.br\/v1\/wp-json\/wp\/v2\/posts\/8421\/revisions"}],"predecessor-version":[{"id":8423,"href":"https:\/\/domvicoso.mg.gov.br\/v1\/wp-json\/wp\/v2\/posts\/8421\/revisions\/8423"}],"wp:featuredmedia":[{"embeddable":true,"href":"https:\/\/domvicoso.mg.gov.br\/v1\/wp-json\/wp\/v2\/media\/8422"}],"wp:attachment":[{"href":"https:\/\/domvicoso.mg.gov.br\/v1\/wp-json\/wp\/v2\/media?parent=8421"}],"wp:term":[{"taxonomy":"category","embeddable":true,"href":"https:\/\/domvicoso.mg.gov.br\/v1\/wp-json\/wp\/v2\/categories?post=8421"},{"taxonomy":"post_tag","embeddable":true,"href":"https:\/\/domvicoso.mg.gov.br\/v1\/wp-json\/wp\/v2\/tags?post=8421"}],"curies":[{"name":"wp","href":"https:\/\/api.w.org\/{rel}","templated":true}]}}