{"id":8431,"date":"2025-04-09T01:16:57","date_gmt":"2025-04-09T01:16:57","guid":{"rendered":"https:\/\/domvicoso.mg.gov.br\/v1\/?p=8431"},"modified":"2025-05-08T01:19:18","modified_gmt":"2025-05-08T01:19:18","slug":"obras-de-melhoria-na-mobilidade-urbana-em-dom-vicoso","status":"publish","type":"post","link":"https:\/\/domvicoso.mg.gov.br\/v1\/obras-de-melhoria-na-mobilidade-urbana-em-dom-vicoso\/","title":{"rendered":"Obras de Melhoria na Mobilidade Urbana em Dom Vi\u00e7oso"},"content":{"rendered":"<div class=\"x11i5rnm xat24cr x1mh8g0r x1vvkbs xtlvy1s x126k92a\">\n<div dir=\"auto\" style=\"text-align: justify;\">Na \u00faltima semana, tiveram in\u00edcio as obras de adequa\u00e7\u00e3o das vias em Dom Vi\u00e7oso, que incluem sinaliza\u00e7\u00e3o vi\u00e1ria, mobili\u00e1rio urbano, passagens elevat\u00f3rias e outros servi\u00e7os de infraestrutura.<\/div>\n<\/div>\n<div class=\"x11i5rnm xat24cr x1mh8g0r x1vvkbs xtlvy1s x126k92a\" style=\"text-align: justify;\">\n<div dir=\"auto\">Essas melhorias v\u00e3o facilitar o tr\u00e1fego, aumentar a seguran\u00e7a no tr\u00e2nsito e melhorar a qualidade de vida da popula\u00e7\u00e3o, contribuindo para o desenvolvimento do munic\u00edpio.<\/div>\n<\/div>\n<div class=\"x11i5rnm xat24cr x1mh8g0r x1vvkbs xtlvy1s x126k92a\" style=\"text-align: justify;\">\n<div dir=\"auto\">A iniciativa est\u00e1 alinhada com as diretrizes do programa e busca trazer benef\u00edcios sociais e econ\u00f4micos para toda a comunidade.<\/div>\n<\/div>\n<div class=\"x11i5rnm xat24cr x1mh8g0r x1vvkbs xtlvy1s x126k92a\" style=\"text-align: justify;\">\n<div dir=\"auto\"><span class=\"html-span xexx8yu x4uap5 x18d9i69 xkhd6sd x1hl2dhg x16tdsg8 x1vvkbs x3nfvp2 x1j61x8r x1fcty0u xdj266r xat24cr xgzva0m xhhsvwb xxymvpz xlup9mm x1kky2od\"><img decoding=\"async\" class=\"lazyload xz74otr x168nmei x13lgxp2 x5pf9jr xo71vjh\" src=\"data:image\/svg+xml,%3Csvg%20xmlns%3D%27http%3A%2F%2Fwww.w3.org%2F2000%2Fsvg%27%20width%3D%2716%27%20height%3D%2716%27%20viewBox%3D%270%200%2016%2016%27%3E%3Crect%20width%3D%2716%27%20height%3D%2716%27%20fill-opacity%3D%220%22%2F%3E%3C%2Fsvg%3E\" data-orig-src=\"https:\/\/static.xx.fbcdn.net\/images\/emoji.php\/v9\/tac\/1\/16\/1f4cc.png\" alt=\"\" width=\"16\" height=\"16\" \/><\/span> Fique atento \u00e0s atualiza\u00e7\u00f5es e aos novos avan\u00e7os!<\/div>\n<\/div>\n<div class=\"x11i5rnm xat24cr x1mh8g0r x1vvkbs xtlvy1s x126k92a\">\n<div dir=\"auto\" style=\"text-align: justify;\"><span class=\"html-span xdj266r x11i5rnm xat24cr x1mh8g0r xexx8yu x4uap5 x18d9i69 xkhd6sd x1hl2dhg x16tdsg8 x1vvkbs\"><a class=\"x1i10hfl xjbqb8w x1ejq31n xd10rxx x1sy0etr x17r0tee x972fbf xcfux6l x1qhh985 xm0m39n x9f619 x1ypdohk xt0psk2 xe8uvvx xdj266r x11i5rnm xat24cr x1mh8g0r xexx8yu x4uap5 x18d9i69 xkhd6sd x16tdsg8 x1hl2dhg xggy1nq x1a2a7pz xkrqix3 x1sur9pj x1fey0fg x1s688f\" tabindex=\"0\" role=\"link\" href=\"https:\/\/www.facebook.com\/hashtag\/domvi%C3%A7oso?__eep__=6&amp;__cft__[0]=AZVcYt6LM5PWjSSCwcO3XGhMl4KhliIu-3mAvLGcI3BT75q5Ari-UYOo2wGMijvAe2_I4kJxGLjcIWzk65oIucxrZGeBzjjXIxoChIgmydqEf6iFhkxuUDNGLF-E3yRKevARCCMnLCt2Xv6PIad3ZOS1Ne8Zl8t5OCsoLyB1Y2_fkiegANJCV2iUTgkaWvteECY3sTLEmQ1xPPs-7xe3d6zN&amp;__tn__=*NK-R\">#DomVi\u00e7oso<\/a><\/span> <span class=\"html-span xdj266r x11i5rnm xat24cr x1mh8g0r xexx8yu x4uap5 x18d9i69 xkhd6sd x1hl2dhg x16tdsg8 x1vvkbs\"><a class=\"x1i10hfl xjbqb8w x1ejq31n xd10rxx x1sy0etr x17r0tee x972fbf xcfux6l x1qhh985 xm0m39n x9f619 x1ypdohk xt0psk2 xe8uvvx xdj266r x11i5rnm xat24cr x1mh8g0r xexx8yu x4uap5 x18d9i69 xkhd6sd x16tdsg8 x1hl2dhg xggy1nq x1a2a7pz xkrqix3 x1sur9pj x1fey0fg x1s688f\" tabindex=\"0\" role=\"link\" href=\"https:\/\/www.facebook.com\/hashtag\/mobilidadeurbana?__eep__=6&amp;__cft__[0]=AZVcYt6LM5PWjSSCwcO3XGhMl4KhliIu-3mAvLGcI3BT75q5Ari-UYOo2wGMijvAe2_I4kJxGLjcIWzk65oIucxrZGeBzjjXIxoChIgmydqEf6iFhkxuUDNGLF-E3yRKevARCCMnLCt2Xv6PIad3ZOS1Ne8Zl8t5OCsoLyB1Y2_fkiegANJCV2iUTgkaWvteECY3sTLEmQ1xPPs-7xe3d6zN&amp;__tn__=*NK-R\">#MobilidadeUrbana<\/a><\/span> <span class=\"html-span xdj266r x11i5rnm xat24cr x1mh8g0r xexx8yu x4uap5 x18d9i69 xkhd6sd x1hl2dhg x16tdsg8 x1vvkbs\"><a class=\"x1i10hfl xjbqb8w x1ejq31n xd10rxx x1sy0etr x17r0tee x972fbf xcfux6l x1qhh985 xm0m39n x9f619 x1ypdohk xt0psk2 xe8uvvx xdj266r x11i5rnm xat24cr x1mh8g0r xexx8yu x4uap5 x18d9i69 xkhd6sd x16tdsg8 x1hl2dhg xggy1nq x1a2a7pz xkrqix3 x1sur9pj x1fey0fg x1s688f\" tabindex=\"0\" role=\"link\" href=\"https:\/\/www.facebook.com\/hashtag\/obras?__eep__=6&amp;__cft__[0]=AZVcYt6LM5PWjSSCwcO3XGhMl4KhliIu-3mAvLGcI3BT75q5Ari-UYOo2wGMijvAe2_I4kJxGLjcIWzk65oIucxrZGeBzjjXIxoChIgmydqEf6iFhkxuUDNGLF-E3yRKevARCCMnLCt2Xv6PIad3ZOS1Ne8Zl8t5OCsoLyB1Y2_fkiegANJCV2iUTgkaWvteECY3sTLEmQ1xPPs-7xe3d6zN&amp;__tn__=*NK-R\">#Obras<\/a><\/span> <span class=\"html-span xdj266r x11i5rnm xat24cr x1mh8g0r xexx8yu x4uap5 x18d9i69 xkhd6sd x1hl2dhg x16tdsg8 x1vvkbs\"><a class=\"x1i10hfl xjbqb8w x1ejq31n xd10rxx x1sy0etr x17r0tee x972fbf xcfux6l x1qhh985 xm0m39n x9f619 x1ypdohk xt0psk2 xe8uvvx xdj266r x11i5rnm xat24cr x1mh8g0r xexx8yu x4uap5 x18d9i69 xkhd6sd x16tdsg8 x1hl2dhg xggy1nq x1a2a7pz xkrqix3 x1sur9pj x1fey0fg x1s688f\" tabindex=\"0\" role=\"link\" href=\"https:\/\/www.facebook.com\/hashtag\/desenvolvimentoregional?__eep__=6&amp;__cft__[0]=AZVcYt6LM5PWjSSCwcO3XGhMl4KhliIu-3mAvLGcI3BT75q5Ari-UYOo2wGMijvAe2_I4kJxGLjcIWzk65oIucxrZGeBzjjXIxoChIgmydqEf6iFhkxuUDNGLF-E3yRKevARCCMnLCt2Xv6PIad3ZOS1Ne8Zl8t5OCsoLyB1Y2_fkiegANJCV2iUTgkaWvteECY3sTLEmQ1xPPs-7xe3d6zN&amp;__tn__=*NK-R\">#DesenvolvimentoRegional<\/a><\/span><\/div>\n<\/div>\n","protected":false},"excerpt":{"rendered":"<p>Na \u00faltima semana, tiveram in\u00edcio as obras de adequa\u00e7\u00e3o das [&hellip;]<\/p>\n","protected":false},"author":1,"featured_media":8435,"comment_status":"open","ping_status":"open","sticky":false,"template":"","format":"standard","meta":{"footnotes":""},"categories":[29],"tags":[],"class_list":["post-8431","post","type-post","status-publish","format-standard","has-post-thumbnail","hentry","category-noticias"],"_links":{"self":[{"href":"https:\/\/domvicoso.mg.gov.br\/v1\/wp-json\/wp\/v2\/posts\/8431","targetHints":{"allow":["GET"]}}],"collection":[{"href":"https:\/\/domvicoso.mg.gov.br\/v1\/wp-json\/wp\/v2\/posts"}],"about":[{"href":"https:\/\/domvicoso.mg.gov.br\/v1\/wp-json\/wp\/v2\/types\/post"}],"author":[{"embeddable":true,"href":"https:\/\/domvicoso.mg.gov.br\/v1\/wp-json\/wp\/v2\/users\/1"}],"replies":[{"embeddable":true,"href":"https:\/\/domvicoso.mg.gov.br\/v1\/wp-json\/wp\/v2\/comments?post=8431"}],"version-history":[{"count":2,"href":"https:\/\/domvicoso.mg.gov.br\/v1\/wp-json\/wp\/v2\/posts\/8431\/revisions"}],"predecessor-version":[{"id":8437,"href":"https:\/\/domvicoso.mg.gov.br\/v1\/wp-json\/wp\/v2\/posts\/8431\/revisions\/8437"}],"wp:featuredmedia":[{"embeddable":true,"href":"https:\/\/domvicoso.mg.gov.br\/v1\/wp-json\/wp\/v2\/media\/8435"}],"wp:attachment":[{"href":"https:\/\/domvicoso.mg.gov.br\/v1\/wp-json\/wp\/v2\/media?parent=8431"}],"wp:term":[{"taxonomy":"category","embeddable":true,"href":"https:\/\/domvicoso.mg.gov.br\/v1\/wp-json\/wp\/v2\/categories?post=8431"},{"taxonomy":"post_tag","embeddable":true,"href":"https:\/\/domvicoso.mg.gov.br\/v1\/wp-json\/wp\/v2\/tags?post=8431"}],"curies":[{"name":"wp","href":"https:\/\/api.w.org\/{rel}","templated":true}]}}