{"id":8453,"date":"2025-04-14T01:23:38","date_gmt":"2025-04-14T01:23:38","guid":{"rendered":"https:\/\/domvicoso.mg.gov.br\/v1\/?p=8453"},"modified":"2025-05-08T01:24:22","modified_gmt":"2025-05-08T01:24:22","slug":"macacos-nao-sao-viloes","status":"publish","type":"post","link":"https:\/\/domvicoso.mg.gov.br\/v1\/macacos-nao-sao-viloes\/","title":{"rendered":"MACACOS N\u00c3O S\u00c3O VIL\u00d5ES!"},"content":{"rendered":"<div class=\"x11i5rnm xat24cr x1mh8g0r x1vvkbs xtlvy1s x126k92a\">\n<div dir=\"auto\">Voc\u00ea sabia que os macacos ajudam no combate \u00e0 febre amarela?<\/div>\n<\/div>\n<div class=\"x11i5rnm xat24cr x1mh8g0r x1vvkbs xtlvy1s x126k92a\">\n<div dir=\"auto\">Eles s\u00e3o indicadores naturais da presen\u00e7a do v\u00edrus e, quando adoecem ou morrem, alertam as autoridades de sa\u00fade para poss\u00edveis surtos.<\/div>\n<\/div>\n<div class=\"x11i5rnm xat24cr x1mh8g0r x1vvkbs xtlvy1s x126k92a\">\n<div dir=\"auto\">Importante:<\/div>\n<\/div>\n<div class=\"x11i5rnm xat24cr x1mh8g0r x1vvkbs xtlvy1s x126k92a\">\n<div dir=\"auto\">Os macacos N\u00c3O transmitem a febre amarela para os humanos.<\/div>\n<\/div>\n<div class=\"x11i5rnm xat24cr x1mh8g0r x1vvkbs xtlvy1s x126k92a\">\n<div dir=\"auto\">Assim como n\u00f3s, eles s\u00e3o v\u00edtimas da doen\u00e7a.<\/div>\n<\/div>\n<div class=\"x11i5rnm xat24cr x1mh8g0r x1vvkbs xtlvy1s x126k92a\">\n<div dir=\"auto\">Por isso, se voc\u00ea encontrar um macaco doente ou morto, N\u00c3O o maltrate e N\u00c3O o toque.<\/div>\n<\/div>\n<div class=\"x11i5rnm xat24cr x1mh8g0r x1vvkbs xtlvy1s x126k92a\">\n<div dir=\"auto\">Fa\u00e7a a sua parte: avise a Vigil\u00e2ncia Epidemiol\u00f3gica pelo n\u00famero<\/div>\n<div dir=\"auto\">(35) 99807-0682<\/div>\n<\/div>\n<div class=\"x11i5rnm xat24cr x1mh8g0r x1vvkbs xtlvy1s x126k92a\">\n<div dir=\"auto\">Vamos proteger a natureza e cuidar da nossa sa\u00fade!<\/div>\n<\/div>\n<div class=\"x11i5rnm xat24cr x1mh8g0r x1vvkbs xtlvy1s x126k92a\">\n<div dir=\"auto\">Prefeitura Municipal de Dom Vi\u00e7oso<\/div>\n<div dir=\"auto\">Vigil\u00e2ncia Epidemiol\u00f3gica<\/div>\n<\/div>\n","protected":false},"excerpt":{"rendered":"<p>Voc\u00ea sabia que os macacos ajudam no combate \u00e0 febre [&hellip;]<\/p>\n","protected":false},"author":1,"featured_media":8454,"comment_status":"open","ping_status":"open","sticky":false,"template":"","format":"standard","meta":{"footnotes":""},"categories":[29],"tags":[],"class_list":["post-8453","post","type-post","status-publish","format-standard","has-post-thumbnail","hentry","category-noticias"],"_links":{"self":[{"href":"https:\/\/domvicoso.mg.gov.br\/v1\/wp-json\/wp\/v2\/posts\/8453","targetHints":{"allow":["GET"]}}],"collection":[{"href":"https:\/\/domvicoso.mg.gov.br\/v1\/wp-json\/wp\/v2\/posts"}],"about":[{"href":"https:\/\/domvicoso.mg.gov.br\/v1\/wp-json\/wp\/v2\/types\/post"}],"author":[{"embeddable":true,"href":"https:\/\/domvicoso.mg.gov.br\/v1\/wp-json\/wp\/v2\/users\/1"}],"replies":[{"embeddable":true,"href":"https:\/\/domvicoso.mg.gov.br\/v1\/wp-json\/wp\/v2\/comments?post=8453"}],"version-history":[{"count":1,"href":"https:\/\/domvicoso.mg.gov.br\/v1\/wp-json\/wp\/v2\/posts\/8453\/revisions"}],"predecessor-version":[{"id":8455,"href":"https:\/\/domvicoso.mg.gov.br\/v1\/wp-json\/wp\/v2\/posts\/8453\/revisions\/8455"}],"wp:featuredmedia":[{"embeddable":true,"href":"https:\/\/domvicoso.mg.gov.br\/v1\/wp-json\/wp\/v2\/media\/8454"}],"wp:attachment":[{"href":"https:\/\/domvicoso.mg.gov.br\/v1\/wp-json\/wp\/v2\/media?parent=8453"}],"wp:term":[{"taxonomy":"category","embeddable":true,"href":"https:\/\/domvicoso.mg.gov.br\/v1\/wp-json\/wp\/v2\/categories?post=8453"},{"taxonomy":"post_tag","embeddable":true,"href":"https:\/\/domvicoso.mg.gov.br\/v1\/wp-json\/wp\/v2\/tags?post=8453"}],"curies":[{"name":"wp","href":"https:\/\/api.w.org\/{rel}","templated":true}]}}